{"id":21965,"date":"2015-08-28T12:25:24","date_gmt":"2015-08-28T11:25:24","guid":{"rendered":"http:\/\/2horizontes.com\/?p=21965"},"modified":"2015-08-28T12:25:24","modified_gmt":"2015-08-28T11:25:24","slug":"aumentan-llamados-a-que-renuncie-el-presidente-de-guatemala","status":"publish","type":"post","link":"https:\/\/2horizontes.com\/?p=21965","title":{"rendered":"Aumentan llamados a que renuncie el presidente de Guatemala"},"content":{"rendered":"<div id=\"ArticleAuthorDiv\" class=\"article-body-author\"><b>AP<\/b><\/div>\n<div id=\"ArticleSourceDiv\" class=\"article-body-author\"><b>Guatemala<\/b><\/div>\n<div id=\"ArticleBody\">\n<p>Las protestas y los llamados de diferentes sectores a que renuncie el presidente Otto P\u00e9rez Molina ayer se sumaron a la integraci\u00f3n por parte del Congreso de una comisi\u00f3n que analizar\u00e1 el retiro de la inmunidad del mandatario para que sea investigado sobre su presunta vinculaci\u00f3n con un millonario fraude fiscal.<\/p>\n<p>La comisi\u00f3n del Congreso qued\u00f3 integrada por los diputados oficialistas Mario Linares y Gloria S\u00e1nchez, Jorge Barrios Falla y Sergio Celis del Partido L\u00edder, vinculado al oficialismo, y Nineth Montenegro, del opositor Encuentro por Guatemala, pero no se les fij\u00f3 un plazo para que emitan una recomendaci\u00f3n.<\/p>\n<p>En comentarios a una radiodifusora local en la noche, P\u00e9rez Molina reiter\u00f3 que no piensa renunciar y que enfrentar\u00e1 la pesquisa en su contra.<\/p>\n<p>\u00abYo estoy aqu\u00ed; no voy a darle la espalda al pueblo de Guatemala, no voy a esconderme&#8230; No tengo nada que esconder\u00bb, afirm\u00f3. P\u00e9rez Molina monitore\u00f3 la marcha en su contra desde el Centro de Monitoreo del Ministerio de Gobernaci\u00f3n, a pocas cuadras del Palacio Nacional donde se concentraba la protesta, inform\u00f3 la presidencia de la rep\u00fablica.<\/p>\n<p>Seg\u00fan la Fiscal\u00eda y la Comisi\u00f3n Internacional contra la Impunidad en Guatemala, que pidieron a la Corte Suprema de Justicia que diera tr\u00e1mite para que el Congreso integrara la denominada comisi\u00f3n pesquisidora, el mandatario est\u00e1 vinculado a una red integrada por funcionarios y particulares que gestionaban comisiones a cambio de evadir impuestos.<\/p>\n<p>La exvicepresidenta Roxana Baldetti renuncio por ese mismo caso el 8 de mayo y la v\u00edspera un juez le dict\u00f3 orden de prisi\u00f3n. La protesta masiva el jueves sigui\u00f3 a d\u00edas de bloqueos viales intermitentes por parte de manifestantes que, adem\u00e1s de la renuncia del presidente, exigen la postergaci\u00f3n de los comicios del 6 de septiembre.<\/p>\n<p>El mandatario declar\u00f3 en la radiodifusora que respeta el derecho de los inconformes a exigir su retiro del cargo, pero dijo que postergar las elecciones \u00abva en contra de la ley\u00bb.<\/p>\n<p>Un periodista de The Associated Press pudo observar un menor movimiento en las calles y la ausencia de autobuses del transporte p\u00fablico. El Palacio de Gobierno, frente a cuya sede se instalaron desde la madrugada grupos de campesinos, estaba custodiado por una barrera de polic\u00edas.<\/p>\n<p>\u00abConsideramos que el se\u00f1or presidente deber\u00eda reflexionar en su conciencia la decisi\u00f3n de no renunciar\u00bb, afirm\u00f3 la Conferencia Episcopal en un comunicado. \u00abTememos que su postura actual cause m\u00e1s polarizaci\u00f3n en el pa\u00eds y genere mayor conflictividad. Desafortunadamente es evidente y lamentable que grandes sectores de la poblaci\u00f3n no tienen ya confianza en el presidente\u00bb.<\/p>\n<p>\u00abLos casos de corrupci\u00f3n que involucran a varios de sus colaboradores, las mismas acusaciones en su contra, la renuncia de miembros de su gabinete, han hecho que pierda su liderazgo y que no tenga respaldos s\u00f3lidos que garanticen que pueda seguir con su misi\u00f3n de gobernar\u00bb, agreg\u00f3. Renzo Rosal, analista independiente y catedr\u00e1tico universitario, dijo que la marcha ha generado una presi\u00f3n muy fuerte sobre el gobierno de P\u00e9rez Molina y que fue motivada tanto por la situaci\u00f3n jur\u00eddica de la exvicepresidenta Baldetti como en la insistencia del presidente de permanecer en el cargo.<\/p>\n<p>\u00abAqu\u00ed la gran pregunta es de qu\u00e9 est\u00e1 agarrado el presidente a\u00fan que no ha cedido el poder, tal parece que lo \u00fanico que lo mantiene ah\u00ed es el deseo de seguir desde adentro protegiendo a la exvicepresidenta o est\u00e1 intentando ganar tiempo para poder eliminar evidencias de posibles actos de corrupci\u00f3n\u00bb, dijo Rosal.<\/p>\n<p>El Comit\u00e9 Coordinador de Asociaciones Agr\u00edcolas, Comerciales, Industriales y Financieras del pa\u00eds, el m\u00e1ximo \u00f3rgano del sector empresarial, pidi\u00f3 de nuevo a P\u00e9rez Molina que renuncie al cargo.<\/p>\n<p>\u00abHacemos un llamado a Otto P\u00e9rez Molina para que no se aferre al cargo y escuche el clamor de todo un pa\u00eds que rechaza de forma categ\u00f3rica los actos de corrupci\u00f3n cometidos en su gobierno\u00bb, dice un comunicado hecho p\u00fablico por la organizaci\u00f3n.<\/p>\n<p>\u00abProtestamos por el robo de la infraestructura y los insumos hospitalarios. Los pol\u00edticos no tienen verg\u00fcenza y los pacientes se mueren\u00bb, dijo la estudiante de medicina Fernanda Monterroso, de 19 a\u00f1os. \u00abTiene que irse el presidente y hay que suspender elecciones hasta que se puedan convocar sin candidatos corruptos. Seguiremos saliendo hasta que haya un cambio pol\u00edtico de verdad\u00bb.<\/p>\n<p>La ministra de Gobernaci\u00f3n Eunice Mendiz\u00e1bal orden\u00f3 por la ma\u00f1ana a las fuerzas de seguridad que resguardaban las instalaciones de edificios p\u00fablicos por donde transitar\u00eda la protesta no portar armas de fuego.<\/p>\n<p>\u00abSe debe respetar los protocolos que fueron establecidos previamente&#8230; No violencia, no provocar violencia, no ceder a la provocaci\u00f3n. Debemos respetar el libre derecho que tienen las personas de manifestar, esta es una situaci\u00f3n en la que la Polic\u00eda Nacional Civil debe demostrar su profesionalismo\u00bb, dijo Mendiz\u00e1bal a un grupo de polic\u00edas que resguardaba las instalaciones del Tribunal Supremo Electoral.<\/p>\n<p>En un giro sorprendente la Procuradur\u00eda General, que representa jur\u00eddicamente al Estado, solicit\u00f3 la noche anterior al gobernante \u00abpresentar su renuncia al cargo con el fin de evitar la ingobernabilidad que traiga como consecuencia la inestabilidad de la naci\u00f3n\u00bb.<\/p>\n<p>La Contralor\u00eda General de Cuentas, organismo auditor de las cuentas del Estado, exhort\u00f3 en un comunicado a que \u00aben aras de mantener la paz social y ante las demandas de distintos sectores de la poblaci\u00f3n, presente de manera inmediata su renuncia&#8230; para evitar mayores incidentes sociales\u00bb y autoriz\u00f3 a sus empleados a participar de la huelga.<\/p>\n<p>El rector de la universidad jesuita Rafael Land\u00edvar, Eduardo Vald\u00e9s, dijo a la AP que \u00abla evidencia de la corrupci\u00f3n es tan insoslayable que no ha quedado otra opci\u00f3n que lo que se est\u00e1 haciendo. La l\u00f3gica de la corrupci\u00f3n y los datos que se han conocido, sumada al cinismo pol\u00edtico de algunos, resulta insostenible para la poblaci\u00f3n. Nosotros apostamos por el pueblo\u00bb.<\/p>\n<p>Diversas empresas \u2014desde la cadena de cafeter\u00edas m\u00e1s elegante, Caf\u00e9 Saul, hasta una peluquer\u00eda, restaurantes, compa\u00f1\u00edas de embalaje, supermercados y tiendas de electrodom\u00e9sticos\u2014 fueron al paro.<\/p>\n<p>\u00abEst\u00e1 todo medio parado. Los que madrugan a traer mercanc\u00eda no han llegado, mis hijos no fueron a estudiar, el bus ven\u00eda vac\u00edo, faltaron transportes\u00bb, dijo a la AP Jorge Orozco, de 51 a\u00f1os, mientras colocaba cervezas en un refrigerador en el Mercado Central, que funcionaba a medias. \u00a0\u00a0\u00a0\u00a0 \u00a0Durante la tarde y la noche del mi\u00e9rcoles comenz\u00f3 una reacci\u00f3n en cascada de apoyo a la movilizaci\u00f3n. \u00a0\u00a0\u00a0\u00a0\u00a0 \u00a0Decenas de empresas privadas llamaron al paro y anunciaron que cerrar\u00edan el jueves a trav\u00e9s de carteles e im\u00e1genes publicadas en sus cuentas de redes sociales.<\/p>\n<p>\u00abAl igual que t\u00fa, estamos comprometidos y enamorados de la visi\u00f3n de una nueva Guatemala. Por eso este 27 de agosto nos unimos a la voz de los guatemaltecos para que Guatemala vuelva a nacer. Nuestras pizzer\u00edas est\u00e1n cerradas porque Guatemala lo vale\u00bb, se lee en la imagen hecha p\u00fablica en Facebook por una conocida cadena internacional de pizzer\u00edas.<\/p>\n<p>Desde el viernes y tras las denuncias de corrupci\u00f3n, 13 altos funcionarios, entre ellos siete ministros, renunciaron a sus puestos, incluido el embajador ante las Naciones Unidas, Fernando Carrera. Los exministros de Defensa y del Interior han salido del pa\u00eds, confirm\u00f3 el servicio de migraci\u00f3n del pa\u00eds. \u00a0Los fiscales dijeron que en el caso hay 100 personas investigadas, de las cuales al menos la mitad est\u00e1 en prisi\u00f3n desde el 16 de abril cuando se destap\u00f3 el esc\u00e1ndalo.<\/p>\n<\/div>\n<div><\/div>\n<p>&nbsp;<\/p>\n","protected":false},"excerpt":{"rendered":"<p>AP Guatemala Las protestas y los llamados de diferentes sectores a que renuncie el presidente Otto P\u00e9rez Molina ayer se sumaron a la integraci\u00f3n por parte del Congreso de una comisi\u00f3n que analizar\u00e1 el retiro de la inmunidad del mandatario para que sea investigado sobre su presunta vinculaci\u00f3n con un millonario fraude fiscal. La comisi\u00f3n [&hellip;]<\/p>\n","protected":false},"author":7,"featured_media":21966,"comment_status":"open","ping_status":"open","sticky":false,"template":"","format":"standard","meta":{"footnotes":""},"categories":[40,43],"tags":[],"class_list":["post-21965","post","type-post","status-publish","format-standard","has-post-thumbnail","hentry","category-internacionales","category-politica"],"_links":{"self":[{"href":"https:\/\/2horizontes.com\/index.php?rest_route=\/wp\/v2\/posts\/21965","targetHints":{"allow":["GET"]}}],"collection":[{"href":"https:\/\/2horizontes.com\/index.php?rest_route=\/wp\/v2\/posts"}],"about":[{"href":"https:\/\/2horizontes.com\/index.php?rest_route=\/wp\/v2\/types\/post"}],"author":[{"embeddable":true,"href":"https:\/\/2horizontes.com\/index.php?rest_route=\/wp\/v2\/users\/7"}],"replies":[{"embeddable":true,"href":"https:\/\/2horizontes.com\/index.php?rest_route=%2Fwp%2Fv2%2Fcomments&post=21965"}],"version-history":[{"count":1,"href":"https:\/\/2horizontes.com\/index.php?rest_route=\/wp\/v2\/posts\/21965\/revisions"}],"predecessor-version":[{"id":21967,"href":"https:\/\/2horizontes.com\/index.php?rest_route=\/wp\/v2\/posts\/21965\/revisions\/21967"}],"wp:featuredmedia":[{"embeddable":true,"href":"https:\/\/2horizontes.com\/index.php?rest_route=\/wp\/v2\/media\/21966"}],"wp:attachment":[{"href":"https:\/\/2horizontes.com\/index.php?rest_route=%2Fwp%2Fv2%2Fmedia&parent=21965"}],"wp:term":[{"taxonomy":"category","embeddable":true,"href":"https:\/\/2horizontes.com\/index.php?rest_route=%2Fwp%2Fv2%2Fcategories&post=21965"},{"taxonomy":"post_tag","embeddable":true,"href":"https:\/\/2horizontes.com\/index.php?rest_route=%2Fwp%2Fv2%2Ftags&post=21965"}],"curies":[{"name":"wp","href":"https:\/\/api.w.org\/{rel}","templated":true}]}}