{"id":21953,"date":"2015-08-28T01:31:43","date_gmt":"2015-08-28T00:31:43","guid":{"rendered":"http:\/\/2horizontes.com\/?p=21953"},"modified":"2015-08-28T01:31:43","modified_gmt":"2015-08-28T00:31:43","slug":"grupo-vestido-de-militares-asalta-minibus-lleno-de-pasajeros-ruta-neiba-sto-dgo","status":"publish","type":"post","link":"https:\/\/2horizontes.com\/?p=21953","title":{"rendered":"Grupo vestido de militares asalta minib\u00fas lleno de pasajeros ruta Neiba-Sto Dgo"},"content":{"rendered":"<p>Cinco individuos simulando ser militares en servicio atracaron varios pasajeros de un\u00a0 minib\u00fas que se trasladaba de la ruta Santo Domingo-Neiba, en la comunidad Batey Cuatro del Distrito Municipal del Palmar.<\/p>\n<p>La acci\u00f3n vand\u00e1lica se produjo antes de las diez de la noche del mi\u00e9rcoles y hasta este momento no se ha reportado apresamiento con relaci\u00f3n al caso, aunque las autoridades aseguran que est\u00e1 en investigaci\u00f3n.<\/p>\n<p>El maestro Luis Contreras, uno de los dos profesores de la UASD Subcentro Neiba, que viajaban en el veh\u00edculo asaltado, dijo que los delincuentes hicieron parada al chofer, enca\u00f1onaron al conductor y despojaron de dinero al cobrador.<\/p>\n<p>Dijo que\u00a0 los delincuentes estaban vestidos de militares cuando preguntaron que si en el interior del veh\u00edculo hab\u00eda polic\u00edas o militares y al nadie contestar positivamente, los invitaron a bajar y entregarles los celulares.<\/p>\n<p>Contreras dijo\u00a0 que en el minib\u00fas marca Toyota Coaster color Blanco, ficha 02 y placa I06411 viajaba un polic\u00eda, pero que no se identific\u00f3 ni tampoco puso resistencia al atraco.<\/p>\n<p>Al raso de la Polic\u00eda Nacional, F\u00e9lix Antonio Rosario V\u00e1squez, que presta servicios en el Ensanche Naco de la capital, presuntamente lo despojaron de una pistola y fue sometido a un proceso de investigaci\u00f3n.<\/p>\n<p>El presidente interino de la Asociaci\u00f3n de Choferes y Due\u00f1os de Minibuses de la Provincia Bahoruco, Eliferbo Herasme, manifest\u00f3 preocupaci\u00f3n por esa situaci\u00f3n y de inmediato se traslad\u00f3 al lugar de hechos.<\/p>\n","protected":false},"excerpt":{"rendered":"<p>Cinco individuos simulando ser militares en servicio atracaron varios pasajeros de un\u00a0 minib\u00fas que se trasladaba de la ruta Santo Domingo-Neiba, en la comunidad Batey Cuatro del Distrito Municipal del Palmar. La acci\u00f3n vand\u00e1lica se produjo antes de las diez de la noche del mi\u00e9rcoles y hasta este momento no se ha reportado apresamiento con [&hellip;]<\/p>\n","protected":false},"author":8,"featured_media":21954,"comment_status":"open","ping_status":"open","sticky":false,"template":"","format":"standard","meta":{"footnotes":""},"categories":[53,44],"tags":[],"class_list":["post-21953","post","type-post","status-publish","format-standard","has-post-thumbnail","hentry","category-provincias","category-republica-dominicana"],"_links":{"self":[{"href":"https:\/\/2horizontes.com\/index.php?rest_route=\/wp\/v2\/posts\/21953","targetHints":{"allow":["GET"]}}],"collection":[{"href":"https:\/\/2horizontes.com\/index.php?rest_route=\/wp\/v2\/posts"}],"about":[{"href":"https:\/\/2horizontes.com\/index.php?rest_route=\/wp\/v2\/types\/post"}],"author":[{"embeddable":true,"href":"https:\/\/2horizontes.com\/index.php?rest_route=\/wp\/v2\/users\/8"}],"replies":[{"embeddable":true,"href":"https:\/\/2horizontes.com\/index.php?rest_route=%2Fwp%2Fv2%2Fcomments&post=21953"}],"version-history":[{"count":1,"href":"https:\/\/2horizontes.com\/index.php?rest_route=\/wp\/v2\/posts\/21953\/revisions"}],"predecessor-version":[{"id":21955,"href":"https:\/\/2horizontes.com\/index.php?rest_route=\/wp\/v2\/posts\/21953\/revisions\/21955"}],"wp:featuredmedia":[{"embeddable":true,"href":"https:\/\/2horizontes.com\/index.php?rest_route=\/wp\/v2\/media\/21954"}],"wp:attachment":[{"href":"https:\/\/2horizontes.com\/index.php?rest_route=%2Fwp%2Fv2%2Fmedia&parent=21953"}],"wp:term":[{"taxonomy":"category","embeddable":true,"href":"https:\/\/2horizontes.com\/index.php?rest_route=%2Fwp%2Fv2%2Fcategories&post=21953"},{"taxonomy":"post_tag","embeddable":true,"href":"https:\/\/2horizontes.com\/index.php?rest_route=%2Fwp%2Fv2%2Ftags&post=21953"}],"curies":[{"name":"wp","href":"https:\/\/api.w.org\/{rel}","templated":true}]}}