{"id":21951,"date":"2015-08-28T01:21:12","date_gmt":"2015-08-28T00:21:12","guid":{"rendered":"http:\/\/2horizontes.com\/?p=21951"},"modified":"2015-08-28T01:21:12","modified_gmt":"2015-08-28T00:21:12","slug":"onamet-emite-aviso-sobre-condiciones-de-tormenta-desde-isla-saona-a-bahia-manzanillo","status":"publish","type":"post","link":"https:\/\/2horizontes.com\/?p=21951","title":{"rendered":"ONAMET emite aviso sobre condiciones de tormenta desde Isla Saona a Bah\u00eda Manzanillo"},"content":{"rendered":"<div id=\"article_zone\">\n<div id=\"ArticleBody\">\n<p>RD- SANTO DOMINGO-A trav\u00e9s de su cuenta de \u2018twitter\u2019, la Oficina Nacional de Meteorolog\u00eda (ONAMET), emiti\u00f3 esta noche un aviso por condiciones de tormenta tropical desde la Isla Saona hasta Cabo Enga\u00f1o, y desde Cabo Enga\u00f1o hasta Bah\u00eda de Manzanillo.<\/p>\n<p>Asimismo, anunci\u00f3 alerta por condiciones de tormenta tropical desde la Isla Saona hasta Punta Palenque, debido a la posible trayectoria de la tormenta tropical Erika.<\/p>\n<p>Mediante la red social, Onamet tambi\u00e9n inform\u00f3 que el sistema se mueve hacia el oeste\/noroeste a unos 24 kph y se espera que contin\u00fae con este movimiento durante las pr\u00f3ximas 48 horas.<\/p>\n<p>Public\u00f3, adem\u00e1s, que este sistema se localiza cerca de la latitud 16.7 norte y longitud 64.2 oeste, a unos 315 kil\u00f3metros al oeste de Guadalupe, y que estar\u00e1 afectando nuestro territorio con uno o dos de los efectos asociados a una tormenta tropical, como son vientos fuertes, olas anormales y rompientes y\/o lluvias intensas a partir de la madrugada del viernes.<\/p>\n<p>Por otro lado, debido al deterioro gradual del oleaje y el incremento en la intensidad del viento, Onamet mantiene la recomendaci\u00f3n a las embarcaciones en todas las costas del pa\u00eds de permanecer en puerto. El oleaje podr\u00eda estar entre 8 a 12 pies de altura con rompientes superiores.<\/p>\n<\/div>\n<div><\/div>\n<div class=\"impresion\" align=\"center\"><\/div>\n<\/div>\n<div>\n<div id=\"outbrain_widget_0\" class=\"OUTBRAIN\">\n<div class=\"ob_strip_container AR_1\"><span class=\"ob_empty\"><\/span><\/div>\n<\/div>\n<\/div>\n","protected":false},"excerpt":{"rendered":"<p>RD- SANTO DOMINGO-A trav\u00e9s de su cuenta de \u2018twitter\u2019, la Oficina Nacional de Meteorolog\u00eda (ONAMET), emiti\u00f3 esta noche un aviso por condiciones de tormenta tropical desde la Isla Saona hasta Cabo Enga\u00f1o, y desde Cabo Enga\u00f1o hasta Bah\u00eda de Manzanillo. Asimismo, anunci\u00f3 alerta por condiciones de tormenta tropical desde la Isla Saona hasta Punta Palenque, [&hellip;]<\/p>\n","protected":false},"author":8,"featured_media":21872,"comment_status":"open","ping_status":"open","sticky":false,"template":"","format":"standard","meta":{"footnotes":""},"categories":[44],"tags":[],"class_list":["post-21951","post","type-post","status-publish","format-standard","has-post-thumbnail","hentry","category-republica-dominicana"],"_links":{"self":[{"href":"https:\/\/2horizontes.com\/index.php?rest_route=\/wp\/v2\/posts\/21951","targetHints":{"allow":["GET"]}}],"collection":[{"href":"https:\/\/2horizontes.com\/index.php?rest_route=\/wp\/v2\/posts"}],"about":[{"href":"https:\/\/2horizontes.com\/index.php?rest_route=\/wp\/v2\/types\/post"}],"author":[{"embeddable":true,"href":"https:\/\/2horizontes.com\/index.php?rest_route=\/wp\/v2\/users\/8"}],"replies":[{"embeddable":true,"href":"https:\/\/2horizontes.com\/index.php?rest_route=%2Fwp%2Fv2%2Fcomments&post=21951"}],"version-history":[{"count":1,"href":"https:\/\/2horizontes.com\/index.php?rest_route=\/wp\/v2\/posts\/21951\/revisions"}],"predecessor-version":[{"id":21952,"href":"https:\/\/2horizontes.com\/index.php?rest_route=\/wp\/v2\/posts\/21951\/revisions\/21952"}],"wp:featuredmedia":[{"embeddable":true,"href":"https:\/\/2horizontes.com\/index.php?rest_route=\/wp\/v2\/media\/21872"}],"wp:attachment":[{"href":"https:\/\/2horizontes.com\/index.php?rest_route=%2Fwp%2Fv2%2Fmedia&parent=21951"}],"wp:term":[{"taxonomy":"category","embeddable":true,"href":"https:\/\/2horizontes.com\/index.php?rest_route=%2Fwp%2Fv2%2Fcategories&post=21951"},{"taxonomy":"post_tag","embeddable":true,"href":"https:\/\/2horizontes.com\/index.php?rest_route=%2Fwp%2Fv2%2Ftags&post=21951"}],"curies":[{"name":"wp","href":"https:\/\/api.w.org\/{rel}","templated":true}]}}