{"id":2195,"date":"2014-09-23T16:04:09","date_gmt":"2014-09-23T16:04:09","guid":{"rendered":"http:\/\/2horizontes.com\/?p=2195"},"modified":"2014-09-23T16:05:50","modified_gmt":"2014-09-23T16:05:50","slug":"reportan-desaparecida-a-ex-companera-de-don-omar-que-lo-acuso-de-agresion","status":"publish","type":"post","link":"https:\/\/2horizontes.com\/?p=2195","title":{"rendered":"Reportan desaparecida a ex compa\u00f1era de Don Omar que lo acus\u00f3 de agresi\u00f3n"},"content":{"rendered":"<p>San Juan Puerto Rico.-La Polic\u00eda de Puerto Rico recibi\u00f3 una querella sobre la desaparici\u00f3n de Rebeca L\u00f3pez, la mujer de 26 a\u00f1os que la semana pasada denunci\u00f3 al cantante Don Omar por violencia de g\u00e9nero.<\/p>\n<p>Seg\u00fan publica el diario boricua el nuevodia.com, la agente Maritza Ramos, de la Oficina de Prensa en el Cuartel General, inform\u00f3 que la querella se someti\u00f3 hoy poco despu\u00e9s de la media noche por parte de la familia de L\u00f3pez.<\/p>\n<p>\u00abLa querella indica que ella sali\u00f3 de la casa de su familia y no hab\u00eda regresado\u00bb, sostuvo Ramos. \u00abEllos se percatan de que no hab\u00eda vuelto porque se hab\u00eda ido en el veh\u00edculo de una t\u00eda\u00bb, agreg\u00f3. El veh\u00edculo es una Ford Expedition, color roja, del a\u00f1o 2007.<\/p>\n<p>El diario dice que la querella radicada por Linda Ceballos D\u00edaz indica que L\u00f3pez mide 5\u20193\u201d y vest\u00eda ropa deportiva con pantalones negros con rayas blancas y una camisa color blanca.<\/p>\n<p>Seg\u00fan la querellante, su sobrina se estaba quedando con ella en su hogar y, tras no verla desde las 6:30 a.m. de ayer, procedi\u00f3 a presentar la querella de persona desaparecida.<\/p>\n<p>La agente Ramos indic\u00f3 que ya el Cuerpo de Investigaci\u00f3n Criminal (CIC) de Bayam\u00f3n fue notificado y la querella fue referida a la Unidad de Personas Desaparecidas del CIC.<\/p>\n<p>Las autoridades investigan versiones de que la guagua fue encontrada en el \u00e1rea de Carolina.<\/p>\n<p>La querella trasciende a horas de que supuestamente L\u00f3pez publicara una carta en Facebook en la que expresaba que perdonaba a William Omar Landr\u00f3n por los hechos de violencia de g\u00e9nero por los que el reguetonero fue imputado la semana pasada.<\/p>\n<p>\u201cEn este momento en el cual tengo claro que mi salud emocional est\u00e1 sumamente afectada quisiera ser responsable conmigo y tomarme un tiempo para recuperarme y encontrarme conmigo, lejos de todo y de todos\u201d, expresaba la misiva publicada en Facebook y atribuida a L\u00f3pez, de 26 a\u00f1os.<\/p>\n","protected":false},"excerpt":{"rendered":"<p>San Juan Puerto Rico.-La Polic\u00eda de Puerto Rico recibi\u00f3 una querella sobre la desaparici\u00f3n de Rebeca L\u00f3pez, la mujer de 26 a\u00f1os que la semana pasada denunci\u00f3 al cantante Don Omar por violencia de g\u00e9nero. Seg\u00fan publica el diario boricua el nuevodia.com, la agente Maritza Ramos, de la Oficina de Prensa en el Cuartel General, [&hellip;]<\/p>\n","protected":false},"author":1,"featured_media":0,"comment_status":"open","ping_status":"open","sticky":false,"template":"","format":"standard","meta":{"footnotes":""},"categories":[1],"tags":[],"class_list":["post-2195","post","type-post","status-publish","format-standard","hentry","category-entretenimiento"],"_links":{"self":[{"href":"https:\/\/2horizontes.com\/index.php?rest_route=\/wp\/v2\/posts\/2195","targetHints":{"allow":["GET"]}}],"collection":[{"href":"https:\/\/2horizontes.com\/index.php?rest_route=\/wp\/v2\/posts"}],"about":[{"href":"https:\/\/2horizontes.com\/index.php?rest_route=\/wp\/v2\/types\/post"}],"author":[{"embeddable":true,"href":"https:\/\/2horizontes.com\/index.php?rest_route=\/wp\/v2\/users\/1"}],"replies":[{"embeddable":true,"href":"https:\/\/2horizontes.com\/index.php?rest_route=%2Fwp%2Fv2%2Fcomments&post=2195"}],"version-history":[{"count":3,"href":"https:\/\/2horizontes.com\/index.php?rest_route=\/wp\/v2\/posts\/2195\/revisions"}],"predecessor-version":[{"id":2198,"href":"https:\/\/2horizontes.com\/index.php?rest_route=\/wp\/v2\/posts\/2195\/revisions\/2198"}],"wp:attachment":[{"href":"https:\/\/2horizontes.com\/index.php?rest_route=%2Fwp%2Fv2%2Fmedia&parent=2195"}],"wp:term":[{"taxonomy":"category","embeddable":true,"href":"https:\/\/2horizontes.com\/index.php?rest_route=%2Fwp%2Fv2%2Fcategories&post=2195"},{"taxonomy":"post_tag","embeddable":true,"href":"https:\/\/2horizontes.com\/index.php?rest_route=%2Fwp%2Fv2%2Ftags&post=2195"}],"curies":[{"name":"wp","href":"https:\/\/api.w.org\/{rel}","templated":true}]}}