{"id":21928,"date":"2015-08-27T21:38:16","date_gmt":"2015-08-27T20:38:16","guid":{"rendered":"http:\/\/2horizontes.com\/?p=21928"},"modified":"2015-08-27T21:38:16","modified_gmt":"2015-08-27T20:38:16","slug":"la-economia-espanola-crece-al-mayor-ritmo-desde-antes-de-la-crisis","status":"publish","type":"post","link":"https:\/\/2horizontes.com\/?p=21928","title":{"rendered":"La econom\u00eda espa\u00f1ola crece al mayor ritmo desde antes de la crisis"},"content":{"rendered":"<p>El consumo interno aceler\u00f3 el ritmo de crecimiento de la econom\u00eda espa\u00f1ola en el segundo trimestre del a\u00f1o a tasas del 3,1% interanual, es decir, en comparaci\u00f3n con el mismo periodo del a\u00f1o anterior. Es el mayor ritmo de crecimiento desde el a\u00f1o 2007, antes de la crisis, seg\u00fan las cifras del Instituto Nacional de Estad\u00edstica (INE).<\/p>\n<p>La econom\u00eda tambi\u00e9n mejora su nivel de crecimiento en comparativa trimestral con una tasa del 1%, una d\u00e9cima m\u00e1s que en los primeros tres meses del a\u00f1o.<\/p>\n<p>El INE vincula el incremento econ\u00f3mico al nuevo repunte del consumo nacional de los hogares, que crece ya a un ritmo del 3,3%. Por otro lado, la demanda externa mejora, pero sigue lastrando la econom\u00eda con tasas negativas del 0,2%.<\/p>\n<p>Destaca, en este sentido, la mayor demanda de los hogares, que aumenta un 3,5%, y de las Administraciones P\u00fablicas (con un alza del 1%). Por otro lado, el empleo creci\u00f3 en el segundo trimestre un 2,9%, lo que supone la creaci\u00f3n de 477.000 puestos de trabajo equivalentes en un a\u00f1o completo.<\/p>\n<p>El crecimiento de la econom\u00eda espa\u00f1ola duplica al registrado en el conjunto de la Eurozona (0,4% trimestral) y al de la zona euro (0,3%). Este \u00faltimo retrocedi\u00f3 una d\u00e9cima entre los meses de abril y junio en comparaci\u00f3n con el arranque del a\u00f1o.<\/p>\n<p>Por sectores econ\u00f3micos, destaca el repunte de la construcci\u00f3n (5,8%), muy por encima de la industria (3,5%) y el campo (2,2%).<\/p>\n","protected":false},"excerpt":{"rendered":"<p>El consumo interno aceler\u00f3 el ritmo de crecimiento de la econom\u00eda espa\u00f1ola en el segundo trimestre del a\u00f1o a tasas del 3,1% interanual, es decir, en comparaci\u00f3n con el mismo periodo del a\u00f1o anterior. Es el mayor ritmo de crecimiento desde el a\u00f1o 2007, antes de la crisis, seg\u00fan las cifras del Instituto Nacional de [&hellip;]<\/p>\n","protected":false},"author":3,"featured_media":21929,"comment_status":"open","ping_status":"open","sticky":false,"template":"","format":"standard","meta":{"footnotes":""},"categories":[85],"tags":[],"class_list":["post-21928","post","type-post","status-publish","format-standard","has-post-thumbnail","hentry","category-espana"],"_links":{"self":[{"href":"https:\/\/2horizontes.com\/index.php?rest_route=\/wp\/v2\/posts\/21928","targetHints":{"allow":["GET"]}}],"collection":[{"href":"https:\/\/2horizontes.com\/index.php?rest_route=\/wp\/v2\/posts"}],"about":[{"href":"https:\/\/2horizontes.com\/index.php?rest_route=\/wp\/v2\/types\/post"}],"author":[{"embeddable":true,"href":"https:\/\/2horizontes.com\/index.php?rest_route=\/wp\/v2\/users\/3"}],"replies":[{"embeddable":true,"href":"https:\/\/2horizontes.com\/index.php?rest_route=%2Fwp%2Fv2%2Fcomments&post=21928"}],"version-history":[{"count":1,"href":"https:\/\/2horizontes.com\/index.php?rest_route=\/wp\/v2\/posts\/21928\/revisions"}],"predecessor-version":[{"id":21930,"href":"https:\/\/2horizontes.com\/index.php?rest_route=\/wp\/v2\/posts\/21928\/revisions\/21930"}],"wp:featuredmedia":[{"embeddable":true,"href":"https:\/\/2horizontes.com\/index.php?rest_route=\/wp\/v2\/media\/21929"}],"wp:attachment":[{"href":"https:\/\/2horizontes.com\/index.php?rest_route=%2Fwp%2Fv2%2Fmedia&parent=21928"}],"wp:term":[{"taxonomy":"category","embeddable":true,"href":"https:\/\/2horizontes.com\/index.php?rest_route=%2Fwp%2Fv2%2Fcategories&post=21928"},{"taxonomy":"post_tag","embeddable":true,"href":"https:\/\/2horizontes.com\/index.php?rest_route=%2Fwp%2Fv2%2Ftags&post=21928"}],"curies":[{"name":"wp","href":"https:\/\/api.w.org\/{rel}","templated":true}]}}