{"id":2189,"date":"2014-09-23T15:17:07","date_gmt":"2014-09-23T15:17:07","guid":{"rendered":"http:\/\/2horizontes.com\/?p=2189"},"modified":"2014-09-23T15:17:07","modified_gmt":"2014-09-23T15:17:07","slug":"danilo-medina-se-reune-con-dominicanos-que-trabajan-en-naciones-unidas-en-nueva-york","status":"publish","type":"post","link":"https:\/\/2horizontes.com\/?p=2189","title":{"rendered":"Danilo Medina se re\u00fane con dominicanos que trabajan en Naciones Unidas en Nueva York"},"content":{"rendered":"<p><a href=\"http:\/\/2horizontes.com\/wp-content\/uploads\/2014\/09\/danilo-en-new-yrk.jpeg\"><img loading=\"lazy\" decoding=\"async\" src=\"http:\/\/2horizontes.com\/wp-content\/uploads\/2014\/09\/danilo-en-new-yrk.jpeg\" alt=\"danilo en new yrk\" width=\"294\" height=\"166\" class=\"alignleft size-full wp-image-2190\" \/><\/a> Santo Domingo.- El presidente de la Rep\u00fablica, Danilo Medina, comparti\u00f3 la ma\u00f1ana de este martes con cuatro dominicanos que trabajan en las Naciones Unidas en Nueva York. <\/p>\n<p>Medina se reuni\u00f3 con Juana Felipe, Lenny Polanco, Mayobanex Parra y Juan Pimentel al finalizar la Cumbre del Clima que celebr\u00f3 Naciones Unidas y en la que particip\u00f3 el mandatario. <\/p>\n<p>Juana, Lenny y Mayobanex son de Santiago;  y Juan es de San Jos\u00e9 de Ocoa y trabaja en las Naciones Unidas desde hace 27 a\u00f1os. <\/p>\n<p>El Presidente tambi\u00e9n comparti\u00f3 con Jeff Sachs, director del Instituto de la Tierra de la Universidad de Columbia.<\/p>\n<p>Sachs es un destacado economista norteamericano, quien tambi\u00e9n es profesor de Desarrollo Sostenible en la Universidad de Columbia.<\/p>\n<p>La Cumbre del Clima la abri\u00f3 el secretario general de la ONU, Ban Ki-moon, con un llamamiento a la comunidad internacional para tener una \u00abvisi\u00f3n clara y compartida\u00bb en contra del calentamiento global.<\/p>\n<p>F. List\u00edn Diario.<\/p>\n","protected":false},"excerpt":{"rendered":"<p>Santo Domingo.- El presidente de la Rep\u00fablica, Danilo Medina, comparti\u00f3 la ma\u00f1ana de este martes con cuatro dominicanos que trabajan en las Naciones Unidas en Nueva York. Medina se reuni\u00f3 con Juana Felipe, Lenny Polanco, Mayobanex Parra y Juan Pimentel al finalizar la Cumbre del Clima que celebr\u00f3 Naciones Unidas y en la que particip\u00f3 [&hellip;]<\/p>\n","protected":false},"author":1,"featured_media":0,"comment_status":"open","ping_status":"open","sticky":false,"template":"","format":"standard","meta":{"footnotes":""},"categories":[1],"tags":[],"class_list":["post-2189","post","type-post","status-publish","format-standard","hentry","category-entretenimiento"],"_links":{"self":[{"href":"https:\/\/2horizontes.com\/index.php?rest_route=\/wp\/v2\/posts\/2189","targetHints":{"allow":["GET"]}}],"collection":[{"href":"https:\/\/2horizontes.com\/index.php?rest_route=\/wp\/v2\/posts"}],"about":[{"href":"https:\/\/2horizontes.com\/index.php?rest_route=\/wp\/v2\/types\/post"}],"author":[{"embeddable":true,"href":"https:\/\/2horizontes.com\/index.php?rest_route=\/wp\/v2\/users\/1"}],"replies":[{"embeddable":true,"href":"https:\/\/2horizontes.com\/index.php?rest_route=%2Fwp%2Fv2%2Fcomments&post=2189"}],"version-history":[{"count":1,"href":"https:\/\/2horizontes.com\/index.php?rest_route=\/wp\/v2\/posts\/2189\/revisions"}],"predecessor-version":[{"id":2191,"href":"https:\/\/2horizontes.com\/index.php?rest_route=\/wp\/v2\/posts\/2189\/revisions\/2191"}],"wp:attachment":[{"href":"https:\/\/2horizontes.com\/index.php?rest_route=%2Fwp%2Fv2%2Fmedia&parent=2189"}],"wp:term":[{"taxonomy":"category","embeddable":true,"href":"https:\/\/2horizontes.com\/index.php?rest_route=%2Fwp%2Fv2%2Fcategories&post=2189"},{"taxonomy":"post_tag","embeddable":true,"href":"https:\/\/2horizontes.com\/index.php?rest_route=%2Fwp%2Fv2%2Ftags&post=2189"}],"curies":[{"name":"wp","href":"https:\/\/api.w.org\/{rel}","templated":true}]}}