{"id":21832,"date":"2015-08-27T15:34:05","date_gmt":"2015-08-27T14:34:05","guid":{"rendered":"http:\/\/2horizontes.com\/?p=21832"},"modified":"2015-08-27T15:34:05","modified_gmt":"2015-08-27T14:34:05","slug":"mujer-que-tenia-cancer-se-suicida-lanzandose-de-puente-santiago-rd","status":"publish","type":"post","link":"https:\/\/2horizontes.com\/?p=21832","title":{"rendered":"Mujer que ten\u00eda c\u00e1ncer se suicida lanz\u00e1ndose de puente Santiago RD"},"content":{"rendered":"<article class=\"contenidoArticulo\">\n<div class=\"cuerpoNoticia\">\n<p><strong>RD-Santiago.<\/strong>-Una mujer que en la tarde de ayer se lanz\u00f3 del puente Hermanos Pati\u00f1o, muri\u00f3 mientras recib\u00eda atenciones en el hospital regional Jos\u00e9 Mar\u00eda Cabral y B\u00e1ez.<\/p>\n<p>Carmen Mar\u00eda S\u00e1nchez Carela, de 45 a\u00f1os, presuntamente padec\u00eda de problemas de depresi\u00f3n al detectarle recientemente un c\u00e1ncer.<\/p>\n<p>Momentos antes de tomar la fatal decisi\u00f3n, S\u00e1nchez Carela acudi\u00f3 a la consulta habitual en el centro de salud.<\/p>\n<p>El cuerpo permanece en la morgue del hospital Cabral y B\u00e1ez.<\/p>\n<\/div>\n<\/article>\n<p>&nbsp;<\/p>\n","protected":false},"excerpt":{"rendered":"<p>RD-Santiago.-Una mujer que en la tarde de ayer se lanz\u00f3 del puente Hermanos Pati\u00f1o, muri\u00f3 mientras recib\u00eda atenciones en el hospital regional Jos\u00e9 Mar\u00eda Cabral y B\u00e1ez. Carmen Mar\u00eda S\u00e1nchez Carela, de 45 a\u00f1os, presuntamente padec\u00eda de problemas de depresi\u00f3n al detectarle recientemente un c\u00e1ncer. Momentos antes de tomar la fatal decisi\u00f3n, S\u00e1nchez Carela acudi\u00f3 [&hellip;]<\/p>\n","protected":false},"author":8,"featured_media":21833,"comment_status":"open","ping_status":"open","sticky":false,"template":"","format":"standard","meta":{"footnotes":""},"categories":[53,44,45],"tags":[],"class_list":["post-21832","post","type-post","status-publish","format-standard","has-post-thumbnail","hentry","category-provincias","category-republica-dominicana","category-salud"],"_links":{"self":[{"href":"https:\/\/2horizontes.com\/index.php?rest_route=\/wp\/v2\/posts\/21832","targetHints":{"allow":["GET"]}}],"collection":[{"href":"https:\/\/2horizontes.com\/index.php?rest_route=\/wp\/v2\/posts"}],"about":[{"href":"https:\/\/2horizontes.com\/index.php?rest_route=\/wp\/v2\/types\/post"}],"author":[{"embeddable":true,"href":"https:\/\/2horizontes.com\/index.php?rest_route=\/wp\/v2\/users\/8"}],"replies":[{"embeddable":true,"href":"https:\/\/2horizontes.com\/index.php?rest_route=%2Fwp%2Fv2%2Fcomments&post=21832"}],"version-history":[{"count":1,"href":"https:\/\/2horizontes.com\/index.php?rest_route=\/wp\/v2\/posts\/21832\/revisions"}],"predecessor-version":[{"id":21834,"href":"https:\/\/2horizontes.com\/index.php?rest_route=\/wp\/v2\/posts\/21832\/revisions\/21834"}],"wp:featuredmedia":[{"embeddable":true,"href":"https:\/\/2horizontes.com\/index.php?rest_route=\/wp\/v2\/media\/21833"}],"wp:attachment":[{"href":"https:\/\/2horizontes.com\/index.php?rest_route=%2Fwp%2Fv2%2Fmedia&parent=21832"}],"wp:term":[{"taxonomy":"category","embeddable":true,"href":"https:\/\/2horizontes.com\/index.php?rest_route=%2Fwp%2Fv2%2Fcategories&post=21832"},{"taxonomy":"post_tag","embeddable":true,"href":"https:\/\/2horizontes.com\/index.php?rest_route=%2Fwp%2Fv2%2Ftags&post=21832"}],"curies":[{"name":"wp","href":"https:\/\/api.w.org\/{rel}","templated":true}]}}