{"id":2181,"date":"2014-09-22T21:45:13","date_gmt":"2014-09-22T21:45:13","guid":{"rendered":"http:\/\/2horizontes.com\/?p=2181"},"modified":"2014-09-22T21:45:13","modified_gmt":"2014-09-22T21:45:13","slug":"medina-participa-en-la-apertura-de-la-decima-reunion-anual-de-la-iniciativa-clinton","status":"publish","type":"post","link":"https:\/\/2horizontes.com\/?p=2181","title":{"rendered":"Medina participa en la apertura de la D\u00e9cima Reuni\u00f3n Anual de la Iniciativa Clinton"},"content":{"rendered":"<p><a href=\"http:\/\/2horizontes.com\/wp-content\/uploads\/2014\/09\/danilo1.jpg\"><img loading=\"lazy\" decoding=\"async\" src=\"http:\/\/2horizontes.com\/wp-content\/uploads\/2014\/09\/danilo1-300x200.jpg\" alt=\"danilo\" width=\"300\" height=\"200\" class=\"alignleft size-medium wp-image-2182\" srcset=\"https:\/\/2horizontes.com\/wp-content\/uploads\/2014\/09\/danilo1-300x200.jpg 300w, https:\/\/2horizontes.com\/wp-content\/uploads\/2014\/09\/danilo1.jpg 348w\" sizes=\"auto, (max-width: 300px) 100vw, 300px\" \/><\/a> Nueva York.-El presidente Danilo Medina particip\u00f3 esta tarde en la apertura de la D\u00e9cima Reuni\u00f3n Anual de la Iniciativa Clinton en Nueva York, como parte de las actividades que se realizan en el marco de la Asamblea General de la Organizaci\u00f3n de las Naciones Unidas (ONU) en Nueva York.<\/p>\n<p>Las informaciones fueron ofrecidas por la Presidencia a trav\u00e9s de su cuenta de Twitter @PresidenciaRD, donde tambi\u00e9n public\u00f3 que las palabras de apertura del acto estuvieron a cargo del expresidente de los Estados Unidos, Bill Clinton.<\/p>\n<p>\u201cLuego de las palabras de Bill, su esposa, Hillary Clinton, asumi\u00f3 la conducci\u00f3n de la sesi\u00f3n de apertura\u201d, agreg\u00f3.<\/p>\n<p>Asimismo, asegur\u00f3 que durante el encuentro el presidente Medina se convers\u00f3 con el mandatario de Panam\u00e1, Juan Carlos Varela.<\/p>\n","protected":false},"excerpt":{"rendered":"<p>Nueva York.-El presidente Danilo Medina particip\u00f3 esta tarde en la apertura de la D\u00e9cima Reuni\u00f3n Anual de la Iniciativa Clinton en Nueva York, como parte de las actividades que se realizan en el marco de la Asamblea General de la Organizaci\u00f3n de las Naciones Unidas (ONU) en Nueva York. Las informaciones fueron ofrecidas por la [&hellip;]<\/p>\n","protected":false},"author":1,"featured_media":0,"comment_status":"open","ping_status":"open","sticky":false,"template":"","format":"standard","meta":{"footnotes":""},"categories":[1],"tags":[],"class_list":["post-2181","post","type-post","status-publish","format-standard","hentry","category-entretenimiento"],"_links":{"self":[{"href":"https:\/\/2horizontes.com\/index.php?rest_route=\/wp\/v2\/posts\/2181","targetHints":{"allow":["GET"]}}],"collection":[{"href":"https:\/\/2horizontes.com\/index.php?rest_route=\/wp\/v2\/posts"}],"about":[{"href":"https:\/\/2horizontes.com\/index.php?rest_route=\/wp\/v2\/types\/post"}],"author":[{"embeddable":true,"href":"https:\/\/2horizontes.com\/index.php?rest_route=\/wp\/v2\/users\/1"}],"replies":[{"embeddable":true,"href":"https:\/\/2horizontes.com\/index.php?rest_route=%2Fwp%2Fv2%2Fcomments&post=2181"}],"version-history":[{"count":1,"href":"https:\/\/2horizontes.com\/index.php?rest_route=\/wp\/v2\/posts\/2181\/revisions"}],"predecessor-version":[{"id":2183,"href":"https:\/\/2horizontes.com\/index.php?rest_route=\/wp\/v2\/posts\/2181\/revisions\/2183"}],"wp:attachment":[{"href":"https:\/\/2horizontes.com\/index.php?rest_route=%2Fwp%2Fv2%2Fmedia&parent=2181"}],"wp:term":[{"taxonomy":"category","embeddable":true,"href":"https:\/\/2horizontes.com\/index.php?rest_route=%2Fwp%2Fv2%2Fcategories&post=2181"},{"taxonomy":"post_tag","embeddable":true,"href":"https:\/\/2horizontes.com\/index.php?rest_route=%2Fwp%2Fv2%2Ftags&post=2181"}],"curies":[{"name":"wp","href":"https:\/\/api.w.org\/{rel}","templated":true}]}}