{"id":21786,"date":"2015-08-27T04:08:46","date_gmt":"2015-08-27T03:08:46","guid":{"rendered":"http:\/\/2horizontes.com\/?p=21786"},"modified":"2015-08-27T04:08:46","modified_gmt":"2015-08-27T03:08:46","slug":"salud-publica-analiza-brote-diarreico-detectado-en-comunidades-de-barahona","status":"publish","type":"post","link":"https:\/\/2horizontes.com\/?p=21786","title":{"rendered":"Salud P\u00fablica analiza brote diarreico detectado en comunidades de Barahona"},"content":{"rendered":"<div id=\"ArticleBody\">\n<p>RD- BARAHONA-El Ministerio de Salud inform\u00f3 que investiga de cinco casos de la enfermedad diarreica aguda (EDA) entre estos un anciano de 72 a\u00f1os de edad, detectados en las comunidades de Menc\u00eda y Los Blancos, en el municipio de Enriquillo, provincia Barahona.<\/p>\n<p>Luis Emilio Roa, director de Salud Ambiental, dijo que se presume que el brote diarreico fue provocado por el consumo de agua aparentemente contaminada del canal Niza\u00edto, desde donde se abastecen para consumo y los quehaceres del hogar los moradores de las comunidades afectadas.<\/p>\n<p>De las cinco personas afectadas, cuatro fueron llevadas al hospital municipal de Enriquillo y la otra despachada a su casa.<\/p>\n<p>En tanto que el anciano de 72 a\u00f1os de edad fue trasladado, por sus familiares, al Hospital de la Diabetes, debido a que sufre de esa enfermedad cr\u00f3nica, aunque se encuentra estable.<\/p>\n<p>El Ministerio de Salud inform\u00f3 que un equipo de t\u00e9cnicos visit\u00f3 las comunidades donde se detectaron los casos para investigar y colocar dosificadores de cloro para el agua y prevenir otras afectaciones<\/p>\n<p>Luis Emilio Roa explic\u00f3 que los t\u00e9cnicos de salud visitan casa por casa de ambas comunidades para entregar cloro y ense\u00f1ar a los lugare\u00f1os las medidas de higiene necesarias para evitar que otras personas resulten afectadas.<\/p>\n<p>Asimismo, exhort\u00f3 a acudir al centro m\u00e9dico m\u00e1s cercano en caso de tener diarrea y dolor de estomago fuerte.<\/p>\n<\/div>\n<div><\/div>\n<p>&nbsp;<\/p>\n","protected":false},"excerpt":{"rendered":"<p>RD- BARAHONA-El Ministerio de Salud inform\u00f3 que investiga de cinco casos de la enfermedad diarreica aguda (EDA) entre estos un anciano de 72 a\u00f1os de edad, detectados en las comunidades de Menc\u00eda y Los Blancos, en el municipio de Enriquillo, provincia Barahona. Luis Emilio Roa, director de Salud Ambiental, dijo que se presume que el [&hellip;]<\/p>\n","protected":false},"author":8,"featured_media":21787,"comment_status":"open","ping_status":"open","sticky":false,"template":"","format":"standard","meta":{"footnotes":""},"categories":[53,44,45],"tags":[],"class_list":["post-21786","post","type-post","status-publish","format-standard","has-post-thumbnail","hentry","category-provincias","category-republica-dominicana","category-salud"],"_links":{"self":[{"href":"https:\/\/2horizontes.com\/index.php?rest_route=\/wp\/v2\/posts\/21786","targetHints":{"allow":["GET"]}}],"collection":[{"href":"https:\/\/2horizontes.com\/index.php?rest_route=\/wp\/v2\/posts"}],"about":[{"href":"https:\/\/2horizontes.com\/index.php?rest_route=\/wp\/v2\/types\/post"}],"author":[{"embeddable":true,"href":"https:\/\/2horizontes.com\/index.php?rest_route=\/wp\/v2\/users\/8"}],"replies":[{"embeddable":true,"href":"https:\/\/2horizontes.com\/index.php?rest_route=%2Fwp%2Fv2%2Fcomments&post=21786"}],"version-history":[{"count":1,"href":"https:\/\/2horizontes.com\/index.php?rest_route=\/wp\/v2\/posts\/21786\/revisions"}],"predecessor-version":[{"id":21788,"href":"https:\/\/2horizontes.com\/index.php?rest_route=\/wp\/v2\/posts\/21786\/revisions\/21788"}],"wp:featuredmedia":[{"embeddable":true,"href":"https:\/\/2horizontes.com\/index.php?rest_route=\/wp\/v2\/media\/21787"}],"wp:attachment":[{"href":"https:\/\/2horizontes.com\/index.php?rest_route=%2Fwp%2Fv2%2Fmedia&parent=21786"}],"wp:term":[{"taxonomy":"category","embeddable":true,"href":"https:\/\/2horizontes.com\/index.php?rest_route=%2Fwp%2Fv2%2Fcategories&post=21786"},{"taxonomy":"post_tag","embeddable":true,"href":"https:\/\/2horizontes.com\/index.php?rest_route=%2Fwp%2Fv2%2Ftags&post=21786"}],"curies":[{"name":"wp","href":"https:\/\/api.w.org\/{rel}","templated":true}]}}