{"id":21773,"date":"2015-08-27T03:12:46","date_gmt":"2015-08-27T02:12:46","guid":{"rendered":"http:\/\/2horizontes.com\/?p=21773"},"modified":"2015-08-27T03:12:46","modified_gmt":"2015-08-27T02:12:46","slug":"fuegos-forestales-afectan-jarabacoa-rd","status":"publish","type":"post","link":"https:\/\/2horizontes.com\/?p=21773","title":{"rendered":"Fuegos forestales afectan Jarabacoa RD"},"content":{"rendered":"<article class=\"noticia\">RD-Santiago.-Los fuegos forestales se han extendido en cinco comunidades del municipio de Jarabacoa en La Vega, afectando cientos de tareas sembradas de pino y otras especies.<\/p>\n<p>Tanto, representantes de organizaciones de medio ambiente como de grupos comunitarios se quejan de la pobre labor en defensa de la naturaleza que realiza el ministerio de Medio Ambiente y Recursos Naturales.<\/p>\n<p>Las comunidades m\u00e1s afectadas por las llamas La Recta del distrito municipal de Buena Vista, Manabao, Pinar Quemado, Jumunuc\u00fa y Arroyo Quemado.<\/p>\n<p>El comunicador Roberto Ure\u00f1a, estima que los m\u00e1s recientes fuegos forestales han afectado 400 tareas.<\/p>\n<p>A principio de este a\u00f1o, Constanza, Jarabacoa y San Jos\u00e9 de las Matas vio como cientos de hect\u00e1reas fueron destruidos por los incendios. Tambi\u00e9n se vio afectada Loma de Miranda, ubicada entre Bonao y La Vega.<\/p>\n<\/article>\n<p>&nbsp;<\/p>\n","protected":false},"excerpt":{"rendered":"<p>RD-Santiago.-Los fuegos forestales se han extendido en cinco comunidades del municipio de Jarabacoa en La Vega, afectando cientos de tareas sembradas de pino y otras especies. Tanto, representantes de organizaciones de medio ambiente como de grupos comunitarios se quejan de la pobre labor en defensa de la naturaleza que realiza el ministerio de Medio Ambiente [&hellip;]<\/p>\n","protected":false},"author":8,"featured_media":21774,"comment_status":"open","ping_status":"open","sticky":false,"template":"","format":"standard","meta":{"footnotes":""},"categories":[53,44],"tags":[],"class_list":["post-21773","post","type-post","status-publish","format-standard","has-post-thumbnail","hentry","category-provincias","category-republica-dominicana"],"_links":{"self":[{"href":"https:\/\/2horizontes.com\/index.php?rest_route=\/wp\/v2\/posts\/21773","targetHints":{"allow":["GET"]}}],"collection":[{"href":"https:\/\/2horizontes.com\/index.php?rest_route=\/wp\/v2\/posts"}],"about":[{"href":"https:\/\/2horizontes.com\/index.php?rest_route=\/wp\/v2\/types\/post"}],"author":[{"embeddable":true,"href":"https:\/\/2horizontes.com\/index.php?rest_route=\/wp\/v2\/users\/8"}],"replies":[{"embeddable":true,"href":"https:\/\/2horizontes.com\/index.php?rest_route=%2Fwp%2Fv2%2Fcomments&post=21773"}],"version-history":[{"count":1,"href":"https:\/\/2horizontes.com\/index.php?rest_route=\/wp\/v2\/posts\/21773\/revisions"}],"predecessor-version":[{"id":21775,"href":"https:\/\/2horizontes.com\/index.php?rest_route=\/wp\/v2\/posts\/21773\/revisions\/21775"}],"wp:featuredmedia":[{"embeddable":true,"href":"https:\/\/2horizontes.com\/index.php?rest_route=\/wp\/v2\/media\/21774"}],"wp:attachment":[{"href":"https:\/\/2horizontes.com\/index.php?rest_route=%2Fwp%2Fv2%2Fmedia&parent=21773"}],"wp:term":[{"taxonomy":"category","embeddable":true,"href":"https:\/\/2horizontes.com\/index.php?rest_route=%2Fwp%2Fv2%2Fcategories&post=21773"},{"taxonomy":"post_tag","embeddable":true,"href":"https:\/\/2horizontes.com\/index.php?rest_route=%2Fwp%2Fv2%2Ftags&post=21773"}],"curies":[{"name":"wp","href":"https:\/\/api.w.org\/{rel}","templated":true}]}}