{"id":21753,"date":"2015-08-26T21:35:50","date_gmt":"2015-08-26T20:35:50","guid":{"rendered":"http:\/\/2horizontes.com\/?p=21753"},"modified":"2015-08-26T21:35:50","modified_gmt":"2015-08-26T20:35:50","slug":"joven-de-17-anos-embarazada-se-lanza-al-vacio-en-el-tunel-de-la-27-de-febrero-con-maximo-gomez","status":"publish","type":"post","link":"https:\/\/2horizontes.com\/?p=21753","title":{"rendered":"Joven de 17 a\u00f1os embarazada se lanza al vac\u00edo en el t\u00fanel de la 27 de Febrero con M\u00e1ximo G\u00f3mez"},"content":{"rendered":"<p>Con la decisi\u00f3n de perder su vida y su bebe, una joven con cinco meses de embarazo se lanz\u00f3 hoy al vac\u00edo en el t\u00fanel de la avenida 27 de Febrero con M\u00e1ximo G\u00f3mez. Milagrosamente sobrevivi\u00f3 a la ca\u00edda y al paso de los veh\u00edculos que por all\u00ed transitan.<\/p>\n<p>Estefany Mar\u00eda B\u00e1ez tom\u00f3 la decisi\u00f3n de lanzarse porque seg\u00fan cont\u00f3 su madre, Fidelia P\u00e9rez, a este medio, \u201chab\u00eda defraudado a su progenitora\u201d quien se enter\u00f3 del embarazo de su hija hace dos d\u00edas.<\/p>\n<p>\u201cYo le dije a ella que la iba a apoyar, que ya hab\u00eda pasado y que ten\u00edamos que afrontarlo\u201d cont\u00f3 Fidelia visiblemente nerviosa y afligida.<\/p>\n<p>Estefany llam\u00f3 a su madre antes de lanzarse y le dijo \u201cperd\u00f3name mami\u201d.<\/p>\n<p>La joven de 17 a\u00f1os estudia Comunicaci\u00f3n Social en la Universidad Aut\u00f3noma de Santo Domingo (UASD). Despu\u00e9s de terminar una clase de nataci\u00f3n que ten\u00eda en el Estadio Ol\u00edmpico, mientras cruzaba en direcci\u00f3n oeste- este se dej\u00f3 caer al fondo del t\u00fanel.<\/p>\n<p>B\u00e1ez, quien ten\u00eda en sus manos una carta en la que explicaba los motivos de su decisi\u00f3n, fue trasladada por una ambulancia del Sistema Nacional de Emergencia 9-1-1 a la Maternidad de la Altagracia, ubicada en la calle Pedro Henr\u00edquez Ure\u00f1a.<\/p>\n<p>Seg\u00fan la directora de la maternidad, Joselyn S\u00e1nchez, la joven presentaba politraumatismos en el cuerpo y tiene 26 semanas de embarazo (cinco meses).<\/p>\n<p>En el momento en que un equipo de List\u00edn Diario lleg\u00f3 al centro se hac\u00edan los aprestos para realizarle sonografias, mientras se escuch\u00f3 a los m\u00e9dicos sugerir un legrado, lo que significa una operaci\u00f3n quir\u00fargica que consiste en raspar la superficie de ciertos tejidos, especialmente el \u00fatero o los huesos, para eliminar sustancias adheridas o para obtener muestras del tejido.<\/p>\n<p>Tanto la joven como su madre son oriundas de Sabana Grande de Palenque, provincia San Crist\u00f3bal.<\/p>\n","protected":false},"excerpt":{"rendered":"<p>Con la decisi\u00f3n de perder su vida y su bebe, una joven con cinco meses de embarazo se lanz\u00f3 hoy al vac\u00edo en el t\u00fanel de la avenida 27 de Febrero con M\u00e1ximo G\u00f3mez. Milagrosamente sobrevivi\u00f3 a la ca\u00edda y al paso de los veh\u00edculos que por all\u00ed transitan. Estefany Mar\u00eda B\u00e1ez tom\u00f3 la decisi\u00f3n [&hellip;]<\/p>\n","protected":false},"author":3,"featured_media":21754,"comment_status":"open","ping_status":"open","sticky":false,"template":"","format":"standard","meta":{"footnotes":""},"categories":[44],"tags":[],"class_list":["post-21753","post","type-post","status-publish","format-standard","has-post-thumbnail","hentry","category-republica-dominicana"],"_links":{"self":[{"href":"https:\/\/2horizontes.com\/index.php?rest_route=\/wp\/v2\/posts\/21753","targetHints":{"allow":["GET"]}}],"collection":[{"href":"https:\/\/2horizontes.com\/index.php?rest_route=\/wp\/v2\/posts"}],"about":[{"href":"https:\/\/2horizontes.com\/index.php?rest_route=\/wp\/v2\/types\/post"}],"author":[{"embeddable":true,"href":"https:\/\/2horizontes.com\/index.php?rest_route=\/wp\/v2\/users\/3"}],"replies":[{"embeddable":true,"href":"https:\/\/2horizontes.com\/index.php?rest_route=%2Fwp%2Fv2%2Fcomments&post=21753"}],"version-history":[{"count":1,"href":"https:\/\/2horizontes.com\/index.php?rest_route=\/wp\/v2\/posts\/21753\/revisions"}],"predecessor-version":[{"id":21755,"href":"https:\/\/2horizontes.com\/index.php?rest_route=\/wp\/v2\/posts\/21753\/revisions\/21755"}],"wp:featuredmedia":[{"embeddable":true,"href":"https:\/\/2horizontes.com\/index.php?rest_route=\/wp\/v2\/media\/21754"}],"wp:attachment":[{"href":"https:\/\/2horizontes.com\/index.php?rest_route=%2Fwp%2Fv2%2Fmedia&parent=21753"}],"wp:term":[{"taxonomy":"category","embeddable":true,"href":"https:\/\/2horizontes.com\/index.php?rest_route=%2Fwp%2Fv2%2Fcategories&post=21753"},{"taxonomy":"post_tag","embeddable":true,"href":"https:\/\/2horizontes.com\/index.php?rest_route=%2Fwp%2Fv2%2Ftags&post=21753"}],"curies":[{"name":"wp","href":"https:\/\/api.w.org\/{rel}","templated":true}]}}