{"id":21623,"date":"2015-08-26T13:17:41","date_gmt":"2015-08-26T12:17:41","guid":{"rendered":"http:\/\/2horizontes.com\/?p=21623"},"modified":"2015-08-26T13:17:41","modified_gmt":"2015-08-26T12:17:41","slug":"d-la-marca-que-condena-al-derrumbe-las-casas-de-los-colombianos-deportados-de-venezuela","status":"publish","type":"post","link":"https:\/\/2horizontes.com\/?p=21623","title":{"rendered":"\u00abD\u00bb, la marca que condena al derrumbe las casas de los colombianos deportados de Venezuela"},"content":{"rendered":"<p class=\"story-body__introduction\">Los habitantes de La Invasi\u00f3n, un barrio popular del estado T\u00e1chira cerca de la frontera con Colombia, han estado poniendo peque\u00f1as banderas de Venezuela en las puertas de sus casas.<\/p>\n<p>\u00abLa idea era mostrar que estamos en paz, que ac\u00e1 no hay guerra\u00bb, me dice una colombiana del sector de Las Barinitas que pide no revelar su verdadero nombre.<\/p>\n<p>\u00abPero <strong>ellos igual <\/strong><strong>pasaron por encima de nuestras casas<\/strong> como si fueran animales\u00bb, denuncia, con l\u00e1grimas en los ojos.<\/p>\n<p>En algunos casos, literalmente: ac\u00e1 fue donde se grab\u00f3, seg\u00fan medios locales de oposici\u00f3n, el video viral en el que<strong> una gr\u00faa parece arrasar con la casa de quien se cree es un colombiano.<\/strong><\/p>\n<p>\u00abJuliana\u00bb mira el video en mi celular. Sus familiares la acompa\u00f1an. Ninguno duda que fue ac\u00e1 en La Invasi\u00f3n.<\/p>\n<p>Y todos <strong>dan como un hecho que les van a derribar sus casas.<\/strong><\/p>\n<p>Lea tambi\u00e9n: \u00bfQu\u00e9 pasa en la frontera entre Venezuela y Colombia?<\/p>\n<figure class=\"media-landscape has-caption full-width\"><span class=\"image-and-copyright-container\"><img loading=\"lazy\" decoding=\"async\" class=\"js-image-replace\" src=\"http:\/\/ichef-1.bbci.co.uk\/news\/ws\/624\/amz\/worldservice\/live\/assets\/images\/2015\/08\/26\/150826035628_sphouse_to_be_demolished_624x351_reuters_nocredit.jpg\" alt=\"\" width=\"624\" height=\"351\" \/><span class=\"off-screen\">Image copyright<\/span><span class=\"story-image-copyright\">Reuters<\/span><\/span><figcaption class=\"media-caption\"><span class=\"off-screen\">Image caption<\/span><span class=\"media-caption__text\">Los vecinos creen que la \u00abD\u00bb se las ponen a las casas que van a demoler.<\/span><\/figcaption><\/figure>\n<p>Desde que ac\u00e1 fue declarado el <strong>estado de excepci\u00f3n<\/strong> se puso en marcha una operaci\u00f3n policial que ha incluido allanamientos sistem\u00e1ticos<\/p>\n<p>Tras el paso de los agentes, las residencias son marcadas con una letra:<strong> una \u00abD\u00bb, de demolici\u00f3n, o una \u00abR\u00bb, de revisi\u00f3n, <\/strong>seg\u00fan la informaci\u00f3n que manejan los vecinos.<\/p>\n<p>En La Invasi\u00f3n, que se compone de cientos de ranchos en una h\u00fameda sabana, viven miles de colombianos, <strong>muchos de ellos indocumentados.<\/strong><\/p>\n<p>Y era, seg\u00fan el gobierno de Nicol\u00e1s Maduro, <strong>un centro de acopio y log\u00edstica de mafias donde han arrestado decenas de paramilitares.<\/strong><\/p>\n<figure class=\"media-landscape has-caption full-width\"><span class=\"image-and-copyright-container\"><img loading=\"lazy\" decoding=\"async\" class=\"js-image-replace\" src=\"http:\/\/ichef.bbci.co.uk\/news\/ws\/624\/amz\/worldservice\/live\/assets\/images\/2015\/08\/25\/150825103126_frontera_venezuela_maduro_624x351_afp.jpg\" alt=\"\" width=\"624\" height=\"351\" \/><span class=\"off-screen\">Image copyright<\/span><span class=\"story-image-copyright\">AFP<\/span><\/span><figcaption class=\"media-caption\"><span class=\"off-screen\">Image caption<\/span><span class=\"media-caption__text\">Otras casas son marcadas con la \u00abR\u00bb que seg\u00fan los vecinos es por \u00abrevisi\u00f3n\u00bb.<\/span><\/figcaption><\/figure>\n<p>Maduro decidi\u00f3<strong> cerrar la frontera<\/strong> y decretar estas zonas en estado de excepci\u00f3n con el objetivo declarado de acabar con el crimen y la escasez que se vive en Venezuela.<\/p>\n<p>Y dice el presidente que <strong>hasta que no haya un \u00abm\u00ednimo de respeto a la ley\u00bb no ve la posibilidad de abrirla.<\/strong><\/p>\n<p>Mientras tanto, los colombianos de La Invasi\u00f3n \u2013sobre todo los indocumentados\u2013 est\u00e1n en proceso de volver, en algunos casos despu\u00e9s de d\u00e9cadas, al pa\u00eds que los vio nacer.<\/p>\n<p>Lea tambi\u00e9n: Qu\u00e9 se dice de la crisis de la frontera entre Venezuela y Colombia en Caracas y Bogot\u00e1<\/p>\n<h2 class=\"story-body__crosshead\">Cierre de la frontera<\/h2>\n<p>Este mi\u00e9rcoles, <strong>las cancilleres de ambos pa\u00edses se re\u00fanen en Cartagena para tratar la situaci\u00f3n.<\/strong><\/p>\n<p>El presidente de Colombia, Juan Manuel Santos, dijo que su gobierno protestar\u00e1 por \u00abel maltrato a nuestros compatriotas\u00bb.<\/p>\n<p>Maduro, por su parte, sostuvo que su gobierno va con el objetivo de crear <strong>un plan para una \u00abnueva frontera\u00bb<\/strong> en la que la ilegalidad no sea el com\u00fan denominador, como es ahora.<\/p>\n<p>Ac\u00e1<strong> hay guerrilleros y paramilitares<\/strong>: los habitantes lo dicen con la indiferencia de alguien que ha visto ocurrir lo mismo por d\u00e9cadas.<\/p>\n<figure class=\"media-landscape has-caption full-width\"><span class=\"image-and-copyright-container\"><img loading=\"lazy\" decoding=\"async\" class=\"js-image-replace\" src=\"http:\/\/ichef-1.bbci.co.uk\/news\/ws\/624\/amz\/worldservice\/live\/assets\/images\/2015\/08\/26\/150826033909_sp_women_in_venezuela_colombia_border_624x351_reuters_nocredit.jpg\" alt=\"Mujeres cruzando el r\u00edo\" width=\"624\" height=\"351\" \/><span class=\"off-screen\">Image copyright<\/span><span class=\"story-image-copyright\">Reuters<\/span><\/span><figcaption class=\"media-caption\"><span class=\"off-screen\">Image caption<\/span><span class=\"media-caption__text\">Muchos de los colombianos que han sido deportados llevaban a\u00f1os viviendo en Venezuela, pero no hab\u00edan regularizado su situaci\u00f3n.<\/span><\/figcaption><\/figure>\n<p>Ac\u00e1 hay <strong>pistas clandestinas de narcotraficantes<\/strong>, seg\u00fan reportes del mismo gobierno venezolano.<\/p>\n<p>Ac\u00e1 hay <strong>contrabando de gasolina<\/strong> \u2013porque en Venezuela su precio es simb\u00f3lico\u2013<strong>y de productos alimenticios y de higiene<\/strong> \u2013que en Venezuela se venden por mucho menos que el precio del mercado debido a la regulaci\u00f3n gubernamental.<\/p>\n<p>Ac\u00e1 la ilegalidad fue durante a\u00f1os parte de la rutina.<\/p>\n<p>Y ahora el gobierno venezolano quiere acabar con eso y culpa de ello a una supuesta migraci\u00f3n masiva de lo que llama \u00abparamilitares colombianos\u00bb.<\/p>\n<p>Lea tambi\u00e9n: Lo que cruza por el r\u00edo que separa a Colombia y Venezuela<\/p>\n<h2 class=\"story-body__crosshead\">Adi\u00f3s<\/h2>\n<p>Seg\u00fan el gobierno, <strong>en Venezuela hay m\u00e1s de 5 millones de colombianos<\/strong>.<\/p>\n<p>Analistas y expertos dudan de esas cifras, aunque a\u00f1aden que no hay duda de que es la mayor poblaci\u00f3n extranjera en el pa\u00eds.<\/p>\n<figure class=\"media-landscape has-caption body-narrow-width\"><span class=\"image-and-copyright-container\"><img loading=\"lazy\" decoding=\"async\" class=\"js-image-replace alignleft\" src=\"http:\/\/ichef-1.bbci.co.uk\/news\/ws\/304\/amz\/worldservice\/live\/assets\/images\/2015\/08\/25\/150825002808_venezuela_frontera_colombia_maduro_304.jpg\" alt=\"\" width=\"304\" height=\"171\" \/><span class=\"off-screen\">Image copyright<\/span><span class=\"story-image-copyright\">BBC World Service<\/span><\/span><figcaption class=\"media-caption\"><span class=\"off-screen\">Image caption<\/span><span class=\"media-caption__text\">Maduro decret\u00f3 el cierre de la frontera en el estado T\u00e1chira hasta nuevo aviso.<\/span><\/figcaption><\/figure>\n<p>La gran parte de ellos <strong>llegaron durante los peores a\u00f1os de violencia en Colombia, en los 70 y 80<\/strong>, cuando Venezuela ten\u00eda una de las econom\u00edas m\u00e1s grandes de Am\u00e9rica Latina.<\/p>\n<p>Pero seg\u00fan el gobierno venezolano, otros colombianos, en este caso paramilitares, vinieron a Venezuela recientemente con el fin de contrabandear y desestabilizar.<\/p>\n<p>Por eso enviaron casi 2.000 militares a la zona de La Invasi\u00f3n, donde los vecinos dicen estar entre mayor\u00eda de colombianos.<\/p>\n<p>\u00abYo no te voy a decir que ac\u00e1 no hay paramilitares; eso yo no lo s\u00e9, aunque nunca me he encontrado con uno. Pero s\u00ed con guerrilleros\u00bb, dijo Luz Dari, una colombiana que tiene la ventaja de poseer c\u00e9dula venezolana, en referencia a los movimientos rebeldes colombianos de izquierda.<\/p>\n<h2 class=\"story-body__crosshead\">Mudanza colectiva<\/h2>\n<p>En Las Barinitas se ven, sobre todo, tres cosas: militares, buses del gobierno donde venden comida y camiones de mudanza cargados en parte de colchones, estanter\u00edas y enormes bocinas de sonido.<\/p>\n<p><strong>Al menos 1.100 colombianos han sido deportados de Venezuela en menos de una semana, <\/strong>seg\u00fan cifras oficiales.<\/p>\n<p>Pero tambi\u00e9n<strong> hay muchos que ante el temor de ser expulsados, decidieron irse<\/strong>.<\/p>\n<p>A uno de ellos lo vamos a llamar Jaime, pues puso como condici\u00f3n que no se revelara su verdadero nombre porque, dijo, \u00abya tenemos suficientes problemas\u00bb.<\/p>\n<p>Jaime, de 50 a\u00f1os, lleg\u00f3 a Venezuela cuando era ni\u00f1o: su familia hu\u00eda de la violencia pol\u00edtica que reinaba en Barrancabermeja, una zona tambi\u00e9n fronteriza en Colombia.<\/p>\n<p>Hoy Jaime tiene un organizado taller de mec\u00e1nica en la parte de atr\u00e1s de su casa, que como todas las viviendas en Las Barinitas, est\u00e1 hecha de desiguales ladrillos y techos de zinc.<\/p>\n<figure class=\"media-landscape has-caption full-width\"><span class=\"image-and-copyright-container\"><img loading=\"lazy\" decoding=\"async\" class=\"js-image-replace alignright\" src=\"http:\/\/ichef-1.bbci.co.uk\/news\/ws\/624\/amz\/worldservice\/live\/assets\/images\/2015\/08\/26\/150826035743_sp_people_crossing_the_border_624x351_reuters_nocredit.jpg\" alt=\"\" width=\"624\" height=\"351\" \/><span class=\"off-screen\">Image copyright<\/span><span class=\"story-image-copyright\">Reuters<\/span><\/span><figcaption class=\"media-caption\"><span class=\"off-screen\">Image caption<\/span><span class=\"media-caption__text\">Antes de ser deportados, numerosos colombianos han optado por irse cargando como pueden sus pertenencias.<\/span><\/figcaption><\/figure>\n<p><strong>\u00abEsto yo lo constru\u00ed con el esfuerzo de toda mi vida\u00bb<\/strong>, dijo, entre silencios y llanto.<\/p>\n<p>Jaime dice que <strong>no ha sido deportado<\/strong> porque los militares lo respetan, ya que es uno de los evang\u00e9licos de la zona.<\/p>\n<p><strong>Pero cumple los par\u00e1metros: es colombiano y no tiene c\u00e9dula venezolana.<\/strong>Aunque dice no revender productos de precio regulado.<\/p>\n<p>\u00bfC\u00f3mo explica no tener c\u00e9dula venezolana despu\u00e9s de tantos a\u00f1os? \u00abLa verdad fue un descuido\u00bb, me dice y explica que por una cuenta de banco en Colombia prefiri\u00f3 quedarse solo con c\u00e9dula colombiana.<\/p>\n<p>Jaime no sabe lo que la Agencia de Naciones Unidas para los Refugiados (Acnur) sostiene sobre los colombianos deportados: que deber\u00edan ser tratados como refugiados por haber llegado a Venezuela huyendo de la violencia en Colombia.<\/p>\n<p>Lea tambi\u00e9n: Desplazados en Colombia refugiados en Venezuela<\/p>\n<p>Jaime es indiferente a mi explicaci\u00f3n sobre los refugiados, mientras me muestra la moto de origen chino que usar\u00e1 en lugar del cami\u00f3n de mudanza para irse a Colombia: en ella montar\u00e1 a su hija, su esposa, su gato y su colch\u00f3n.<\/p>\n<p>Con ella cruzar\u00e1 el r\u00edo fronterizo.<\/p>\n<p>BBC<\/p>\n","protected":false},"excerpt":{"rendered":"<p>Los habitantes de La Invasi\u00f3n, un barrio popular del estado T\u00e1chira cerca de la frontera con Colombia, han estado poniendo peque\u00f1as banderas de Venezuela en las puertas de sus casas. \u00abLa idea era mostrar que estamos en paz, que ac\u00e1 no hay guerra\u00bb, me dice una colombiana del sector de Las Barinitas que pide no [&hellip;]<\/p>\n","protected":false},"author":4,"featured_media":21624,"comment_status":"open","ping_status":"open","sticky":false,"template":"","format":"standard","meta":{"footnotes":""},"categories":[50,54,43,48],"tags":[],"class_list":["post-21623","post","type-post","status-publish","format-standard","has-post-thumbnail","hentry","category-colombia","category-emigrantes","category-politica","category-venezuela"],"_links":{"self":[{"href":"https:\/\/2horizontes.com\/index.php?rest_route=\/wp\/v2\/posts\/21623","targetHints":{"allow":["GET"]}}],"collection":[{"href":"https:\/\/2horizontes.com\/index.php?rest_route=\/wp\/v2\/posts"}],"about":[{"href":"https:\/\/2horizontes.com\/index.php?rest_route=\/wp\/v2\/types\/post"}],"author":[{"embeddable":true,"href":"https:\/\/2horizontes.com\/index.php?rest_route=\/wp\/v2\/users\/4"}],"replies":[{"embeddable":true,"href":"https:\/\/2horizontes.com\/index.php?rest_route=%2Fwp%2Fv2%2Fcomments&post=21623"}],"version-history":[{"count":1,"href":"https:\/\/2horizontes.com\/index.php?rest_route=\/wp\/v2\/posts\/21623\/revisions"}],"predecessor-version":[{"id":21625,"href":"https:\/\/2horizontes.com\/index.php?rest_route=\/wp\/v2\/posts\/21623\/revisions\/21625"}],"wp:featuredmedia":[{"embeddable":true,"href":"https:\/\/2horizontes.com\/index.php?rest_route=\/wp\/v2\/media\/21624"}],"wp:attachment":[{"href":"https:\/\/2horizontes.com\/index.php?rest_route=%2Fwp%2Fv2%2Fmedia&parent=21623"}],"wp:term":[{"taxonomy":"category","embeddable":true,"href":"https:\/\/2horizontes.com\/index.php?rest_route=%2Fwp%2Fv2%2Fcategories&post=21623"},{"taxonomy":"post_tag","embeddable":true,"href":"https:\/\/2horizontes.com\/index.php?rest_route=%2Fwp%2Fv2%2Ftags&post=21623"}],"curies":[{"name":"wp","href":"https:\/\/api.w.org\/{rel}","templated":true}]}}