{"id":2162,"date":"2014-09-22T21:00:07","date_gmt":"2014-09-22T21:00:07","guid":{"rendered":"http:\/\/2horizontes.com\/?p=2162"},"modified":"2014-09-22T21:00:07","modified_gmt":"2014-09-22T21:00:07","slug":"comienza-el-proceso-de-reforma-de-los-medios-de-comunicacion-del-vaticano","status":"publish","type":"post","link":"https:\/\/2horizontes.com\/?p=2162","title":{"rendered":"Comienza el proceso de reforma de los medios de comunicaci\u00f3n del Vaticano"},"content":{"rendered":"<p><a href=\"http:\/\/2horizontes.com\/wp-content\/uploads\/2014\/09\/el-vaticano.jpeg\"><img loading=\"lazy\" decoding=\"async\" src=\"http:\/\/2horizontes.com\/wp-content\/uploads\/2014\/09\/el-vaticano.jpeg\" alt=\"el vaticano\" width=\"294\" height=\"217\" class=\"alignleft size-full wp-image-2163\" \/><\/a> EFE. Ciudad del Vaticano.- El comit\u00e9 para la reforma de los medios de comunicaci\u00f3n de la Santa Sede comenz\u00f3 hoy el primer turno de reuniones para elaborar un m\u00e9todo de \u00abracionalizaci\u00f3n y adecuaci\u00f3n\u00bb de la estructura medi\u00e1tica vaticana.<\/p>\n<p>Este comit\u00e9 se re\u00fane desde este lunes hasta el mi\u00e9rcoles a modo de \u00absesi\u00f3n constitutiva e inicial\u00bb con el fin de establecer un plan de trabajo para los futuros encuentros, seg\u00fan explic\u00f3 recientemente el portavoz vaticano, Federico Lombardi.<\/p>\n<p>Instituido el pasado julio, este organismo deber\u00e1 proponer al papa una reforma de los medios en el plazo de doce meses despu\u00e9s de examinar las recomendaciones de la Comisi\u00f3n investigadora de los organismos econ\u00f3micos y administrativos de la Santa Sede (COSEA).<\/p>\n<p>Y es que, de acuerdo con los c\u00e1nones reformistas auspiciados por el papa Francisco, el comit\u00e9 tendr\u00e1 que adecuar los medios de la Santa Sede a \u00ablas nuevas tendencias de consumo\u00bb, mejorar su coordinaci\u00f3n y reducir progresivamente el gasto.<\/p>\n<p>As\u00ed lo explic\u00f3 el cardenal australiano y \u00abministro de Econom\u00eda\u00bb del papa, George Pell, el pasado 9 de julio, cuando compareci\u00f3 ante los medios para exponer los siguientes pasos en la reforma del entramado institucional y financiero del Vaticano.<\/p>\n<p>La Santa Sede cuenta con una estructura medi\u00e1tica que engloba medios de comunicaci\u00f3n tanto tradicionales como digitales, integrados en el Pontificio Consejo para las Comunicaciones Sociales.<\/p>\n<p>Por un lado, cuenta con la Radio Vaticana, el rotativo \u00abL&#8217;Osservatore Romano\u00bb, el Centro Televisivo Vaticano, la Sala de Prensa vaticana, la Librer\u00eda Editorial vaticana, el Servicio Fotogr\u00e1fico, la Tipograf\u00eda vaticana, el Servicio de Informaci\u00f3n vaticana y la p\u00e1gina web oficial (vatican.va).<\/p>\n<p>Asimismo, durante los \u00faltimos tiempos la figura del papa est\u00e1 cada vez m\u00e1s presente en el ciberespacio y muestra de ello son los populares perfiles que tiene en la red social Twitter -traducidos simult\u00e1neamente a nueve idiomas- o las diferentes aplicaciones m\u00f3viles desarrolladas con id\u00e9ntico objetivo.<\/p>\n<p>En este sentido, Pell refiri\u00f3 que el Vaticano quiere estar m\u00e1s presente en internet, por lo que esta reforma prev\u00e9 un reforzamiento de los canales digitales para \u00abgarantizar\u00bb que el mensaje del Santo Padre pueda llegar a los fieles de todo el mundo, sobre todo a los j\u00f3venes, potenciales consumidores de esta tecnolog\u00eda.<\/p>\n<p>Este comit\u00e9 de expertos en medios de comunicaci\u00f3n est\u00e1 compuesto por cinco integrantes procedentes de diversas instituciones internacionales y por otros cinco que ya prestan sus servicios profesionales en los diversos medios de la Santa Sede.<\/p>\n<p>Los profesionales ajenos hasta ahora al Vaticano son Christopher Patten, exgobernador de Hong Kong y expresidente de la cadena brit\u00e1nica BBC; el presidente del comit\u00e9 y rector de la Universidad de Oxford, Gregory Erlandson (EEUU); la alemana Daniela Frank, el franc\u00e9s Eric Salobir, la hispanomexicana Leticia Sober\u00f3n y George Yeo, de Singapur.<\/p>\n<p>Por otro lado, monse\u00f1or Paul Tighe, secretario del Pontificio Consejo para las Comunicaciones Sociales, har\u00e1 las veces del secretario del comit\u00e9.<\/p>\n<p>Le acompa\u00f1ar\u00e1n el director de relaciones internacionales de Radio Vaticana, Giacomo Ghisani; Carlo Maria Polvani, de la secretar\u00eda de Estado vaticano; monse\u00f1or Lucio Adri\u00e1n Ruiz, del Servicio de internet vaticano, y el profesor Giovanni Maria Vian, director del \u00abOsservatore Romano\u00bb.<\/p>\n","protected":false},"excerpt":{"rendered":"<p>EFE. Ciudad del Vaticano.- El comit\u00e9 para la reforma de los medios de comunicaci\u00f3n de la Santa Sede comenz\u00f3 hoy el primer turno de reuniones para elaborar un m\u00e9todo de \u00abracionalizaci\u00f3n y adecuaci\u00f3n\u00bb de la estructura medi\u00e1tica vaticana. Este comit\u00e9 se re\u00fane desde este lunes hasta el mi\u00e9rcoles a modo de \u00absesi\u00f3n constitutiva e inicial\u00bb [&hellip;]<\/p>\n","protected":false},"author":1,"featured_media":0,"comment_status":"open","ping_status":"open","sticky":false,"template":"","format":"standard","meta":{"footnotes":""},"categories":[1],"tags":[],"class_list":["post-2162","post","type-post","status-publish","format-standard","hentry","category-entretenimiento"],"_links":{"self":[{"href":"https:\/\/2horizontes.com\/index.php?rest_route=\/wp\/v2\/posts\/2162","targetHints":{"allow":["GET"]}}],"collection":[{"href":"https:\/\/2horizontes.com\/index.php?rest_route=\/wp\/v2\/posts"}],"about":[{"href":"https:\/\/2horizontes.com\/index.php?rest_route=\/wp\/v2\/types\/post"}],"author":[{"embeddable":true,"href":"https:\/\/2horizontes.com\/index.php?rest_route=\/wp\/v2\/users\/1"}],"replies":[{"embeddable":true,"href":"https:\/\/2horizontes.com\/index.php?rest_route=%2Fwp%2Fv2%2Fcomments&post=2162"}],"version-history":[{"count":1,"href":"https:\/\/2horizontes.com\/index.php?rest_route=\/wp\/v2\/posts\/2162\/revisions"}],"predecessor-version":[{"id":2164,"href":"https:\/\/2horizontes.com\/index.php?rest_route=\/wp\/v2\/posts\/2162\/revisions\/2164"}],"wp:attachment":[{"href":"https:\/\/2horizontes.com\/index.php?rest_route=%2Fwp%2Fv2%2Fmedia&parent=2162"}],"wp:term":[{"taxonomy":"category","embeddable":true,"href":"https:\/\/2horizontes.com\/index.php?rest_route=%2Fwp%2Fv2%2Fcategories&post=2162"},{"taxonomy":"post_tag","embeddable":true,"href":"https:\/\/2horizontes.com\/index.php?rest_route=%2Fwp%2Fv2%2Ftags&post=2162"}],"curies":[{"name":"wp","href":"https:\/\/api.w.org\/{rel}","templated":true}]}}