{"id":21602,"date":"2015-08-26T07:40:04","date_gmt":"2015-08-26T06:40:04","guid":{"rendered":"http:\/\/2horizontes.com\/?p=21602"},"modified":"2015-08-26T07:40:04","modified_gmt":"2015-08-26T06:40:04","slug":"santos-exige-a-venezuela-que-respete-a-los-colombianos-y-no-los-maltrate","status":"publish","type":"post","link":"https:\/\/2horizontes.com\/?p=21602","title":{"rendered":"Santos exige a Venezuela que respete a los colombianos y no los maltrate"},"content":{"rendered":"<div id=\"ArticleAuthorDiv\" class=\"article-body-author\"><b>EFE<\/b><\/div>\n<div id=\"ArticleSourceDiv\" class=\"article-body-author\"><b>Bogot\u00e1, Colombia<\/b><\/div>\n<div id=\"ArticleBody\">\n<p>El presidente de Colombia, Juan Manuel Santos, exigi\u00f3 ayer al Gobierno de Venezuela que respete a los colombianos que habitan en sus zonas de frontera y consider\u00f3 \u00abinaceptables\u00bb e \u00abintolerables\u00bb los maltratos de que son objeto sus compatriotas en el estado T\u00e1chira.<\/p>\n<p>\u00abAl Gobierno de Venezuela le exigimos respeto por todos los colombianos, desde los m\u00e1s humildes hasta los m\u00e1s poderosos, desde los m\u00e1s cercanos a nuestro Gobierno hasta los que nos critican ferozmente\u00bb, dijo el mandatario en una declaraci\u00f3n que dio en la Casa de Nari\u00f1o, sede del Ejecutivo, en Bogot\u00e1, acompa\u00f1ado por sus ministros de Relaciones Exteriores, Interior y Defensa.<\/p>\n<p>El jefe de Estado se refiri\u00f3 a la deportaciones masivas, separaci\u00f3n de familias y destrucci\u00f3n de viviendas de colombianos en San Antonio y otras localidades del estado T\u00e1chira y asegur\u00f3 que todo ser humano, aunque estuviera en otro pa\u00eds sin todos sus documentos en regla, \u00abmerece ser tratado con respeto y dignidad, y merece un debido proceso. Y eso es lo que vamos a exigir\u00bb.<\/p>\n<p>\u00abAllanar las viviendas, sacar a la fuerza a los habitantes, separar las familias, no dejarles sacar sus pocos bienes y marcar las casas para luego demolerlas, son procedimientos totalmente inaceptables y recuerdan episodios amargos de la humanidad que no pueden repetirse\u00bb, dijo Santos.<\/p>\n<p>En los \u00faltimos d\u00edas han aumentado en el pa\u00eds las comparaciones de los procedimientos de fuerza usados por las autoridades venezolanas contra los colombianos con el r\u00e9gimen de la Alemania nazi, tras el cierre hace seis d\u00edas del paso fronterizo de C\u00facuta-San Antonio y el estado de excepci\u00f3n decretado por el presidente Nicol\u00e1s Maduro supuestamente para perseguir a contrabandistas y paramilitares.<\/p>\n<p>El mandatario cit\u00f3 el caso de Graciela Portilla, una colombiana que le cont\u00f3 que reside hace m\u00e1s de 40 a\u00f1os en Venezuela, donde se cas\u00f3 y tuvo hijos, y que regres\u00f3 deportada con m\u00e1s de un millar de compatriotas a la ciudad fronteriza de C\u00facuta.<\/p>\n<p>Seg\u00fan el presidente, hace tres d\u00edas la Guardia Bolivariana lleg\u00f3 a casa de Portilla, \u00abse la marcaron, la sacaron, y demolieron la mitad de su vivienda, mientras en la otra mitad estaban sus hijos menores, de 16, 7 y 3 a\u00f1os\u00bb.<\/p>\n<p>Santos a\u00f1adi\u00f3 que la canciller Mar\u00eda \u00c1ngela Holgu\u00edn se reunir\u00e1 ma\u00f1ana en Cartagena con su hom\u00f3loga venezolana, Delcy Rodr\u00edguez, \u00abpara buscar soluciones conjuntas\u00bb a la crisis en la frontera \u00aby para sentar tambi\u00e9n nuestra protesta por la forma en que han sido maltratados nuestros compatriotas\u00bb.<\/p>\n<p>Subray\u00f3 que es el momento de \u00abobrar con firmeza\u00bb para defender la vida y dignidad de los colombianos, pero tambi\u00e9n con \u00abcon sensatez y eficacia\u00bb y por eso se recurrir\u00e1 a \u00ablas v\u00edas de la diplomacia y el di\u00e1logo, que es como se entienden las naciones civilizadas\u00bb.<\/p>\n<p>\u00abNo es momento de hacer sonar las trompetas de guerra que algunos quisieran escuchar\u00bb, dijo, y enseguida critic\u00f3 a quienes buscan sacar provecho pol\u00edtico de la situaci\u00f3n de cara a las elecciones municipales y regionales de octubre en Colombia y a las legislativas de diciembre en Venezuela.<\/p>\n<p>El presidente a\u00f1adi\u00f3 que \u00absi el problema es el contrabando y las bandas delincuenciales, como aduce Venezuela, nada m\u00e1s ineficaz y contraproducente que cerrar los sitios legales de acceso fronterizo\u00bb.<\/p>\n<p>Asegur\u00f3 que Colombia es la m\u00e1s interesada en combatir el contrabando y dijo que este es \u00abun tema de corresponsabilidad\u00bb porque se trata de un delito que ocurre a ambos lados de la frontera.<\/p>\n<p>\u00abSituaciones como la que hoy se presenta con el vecino pa\u00eds deben solucionarse con firmeza pero con prudencia, privilegiando siempre el di\u00e1logo y las v\u00edas diplom\u00e1ticas, y eso es lo que estamos haciendo\u00bb, puntualiz\u00f3.<\/p>\n<\/div>\n<div><\/div>\n<p>&nbsp;<\/p>\n","protected":false},"excerpt":{"rendered":"<p>EFE Bogot\u00e1, Colombia El presidente de Colombia, Juan Manuel Santos, exigi\u00f3 ayer al Gobierno de Venezuela que respete a los colombianos que habitan en sus zonas de frontera y consider\u00f3 \u00abinaceptables\u00bb e \u00abintolerables\u00bb los maltratos de que son objeto sus compatriotas en el estado T\u00e1chira. \u00abAl Gobierno de Venezuela le exigimos respeto por todos los [&hellip;]<\/p>\n","protected":false},"author":7,"featured_media":21603,"comment_status":"open","ping_status":"open","sticky":false,"template":"","format":"standard","meta":{"footnotes":""},"categories":[50,54,40,43,48],"tags":[],"class_list":["post-21602","post","type-post","status-publish","format-standard","has-post-thumbnail","hentry","category-colombia","category-emigrantes","category-internacionales","category-politica","category-venezuela"],"_links":{"self":[{"href":"https:\/\/2horizontes.com\/index.php?rest_route=\/wp\/v2\/posts\/21602","targetHints":{"allow":["GET"]}}],"collection":[{"href":"https:\/\/2horizontes.com\/index.php?rest_route=\/wp\/v2\/posts"}],"about":[{"href":"https:\/\/2horizontes.com\/index.php?rest_route=\/wp\/v2\/types\/post"}],"author":[{"embeddable":true,"href":"https:\/\/2horizontes.com\/index.php?rest_route=\/wp\/v2\/users\/7"}],"replies":[{"embeddable":true,"href":"https:\/\/2horizontes.com\/index.php?rest_route=%2Fwp%2Fv2%2Fcomments&post=21602"}],"version-history":[{"count":1,"href":"https:\/\/2horizontes.com\/index.php?rest_route=\/wp\/v2\/posts\/21602\/revisions"}],"predecessor-version":[{"id":21604,"href":"https:\/\/2horizontes.com\/index.php?rest_route=\/wp\/v2\/posts\/21602\/revisions\/21604"}],"wp:featuredmedia":[{"embeddable":true,"href":"https:\/\/2horizontes.com\/index.php?rest_route=\/wp\/v2\/media\/21603"}],"wp:attachment":[{"href":"https:\/\/2horizontes.com\/index.php?rest_route=%2Fwp%2Fv2%2Fmedia&parent=21602"}],"wp:term":[{"taxonomy":"category","embeddable":true,"href":"https:\/\/2horizontes.com\/index.php?rest_route=%2Fwp%2Fv2%2Fcategories&post=21602"},{"taxonomy":"post_tag","embeddable":true,"href":"https:\/\/2horizontes.com\/index.php?rest_route=%2Fwp%2Fv2%2Ftags&post=21602"}],"curies":[{"name":"wp","href":"https:\/\/api.w.org\/{rel}","templated":true}]}}