{"id":21598,"date":"2015-08-26T07:36:44","date_gmt":"2015-08-26T06:36:44","guid":{"rendered":"http:\/\/2horizontes.com\/?p=21598"},"modified":"2015-08-26T07:36:44","modified_gmt":"2015-08-26T06:36:44","slug":"jefe-de-fox-news-donald-trump-debe-disculparse-con-la-presentadora-megyn-kelly","status":"publish","type":"post","link":"https:\/\/2horizontes.com\/?p=21598","title":{"rendered":"Jefe de Fox News: Donald Trump debe disculparse con la presentadora Megyn Kelly"},"content":{"rendered":"<div id=\"ArticleAuthorDiv\" class=\"article-body-author\"><b>AP<\/b><\/div>\n<div id=\"ArticleSourceDiv\" class=\"article-body-author\"><b>Nueva York<\/b><\/div>\n<div id=\"ArticleBody\">\n<p>El jefe de Fox News Roger Ailes dijo ayer que Donald Trump le debe una disculpa a la presentadora Megyn Kelly por atacarla sin justificaci\u00f3n en Twitter de una manera \u00abinaceptable y alarmante\u00bb, pero Trump parece no dar marcha atr\u00e1s.<\/p>\n<p>El aspirante favorito a la candidatura presidencial por el Partido Republicano recibi\u00f3 a Kelly, quien regresaba de unas vacaciones el lunes por la noche, con un tuit en el que dijo que le gustaba m\u00e1s su programa cuando ella no estaba. Trump dijo que Kelly \u00abdebi\u00f3 tener unas vacaciones horribles\u00bb porque \u00abest\u00e1 en muy mala forma\u00bb. Tambi\u00e9n retuite\u00f3 un mensaje en el que se refer\u00edan a ella como una \u00abbimbo\u00bb, o rubia tonta.<\/p>\n<p>\u00abMegyn Kelly representa lo mejor del periodismo estadounidense y todos en Fox News Channel rechazamos los intentos groseros e irresponsables de sugerir lo contrario\u00bb, dijo Ailes, presidente de Fox News Channel. \u00abEstoy absolutamente orgulloso de Megyn por su profesionalismo y clase ante todos los ataques verbales del se\u00f1or Trump\u00bb.<\/p>\n<p>En un comunicado Trump dijo que estaba en desacuerdo con Ailes y que no considera que Kelly sea una periodista de calidad. \u00a0\u00a0\u00a0\u00a0\u00a0\u00a0\u00a0\u00a0\u00a0\u00a0\u00a0 \u00a0\u00abEspero que en el futuro se demuestre que estoy equivocado y que ella pueda llevar sus est\u00e1ndares a un nivel de profesionalismo que se merece un canal como Fox\u00bb, afirm\u00f3.<\/p>\n<p>Trump ha atacado activamente a Kelly desde que la periodista lo cuestion\u00f3 duramente en el primer debate de aspirantes presidenciales por el Partido Republicano, el cual fue visto por 24 millones de personas en Fox el 6 de agosto. Al d\u00eda siguiente del debate dijo que Kelly ten\u00eda \u00absangre sali\u00e9ndole de los ojos, sangre sali\u00e9ndole por todos lados\u00bb.<\/p>\n<p>Esto llev\u00f3 a una reuni\u00f3n en privado entre Ailes y Trump hace dos semanas, que claramente no los ha llevado a hacer las paces. \u00a0 \u00a0En sus tuits Trump repiti\u00f3 sus afirmaciones de que Kelly, presentadora de un noticiero en el horario estelar de Fox News y una de las principales estrellas de canal, fue obligada a tomar unas vacaciones que terminaron el lunes. Fox respondi\u00f3 que su tiempo de descanso se hab\u00eda planificado mucho antes del debate. Trump tambi\u00e9n tuite\u00f3 que Kelly ten\u00eda miedo de confrontar a un invitado, el doctor Cornel West, y que no ten\u00eda \u00abidea\u00bb sobre el tema de la inmigraci\u00f3n.<\/p>\n<p>Ailes apoy\u00f3 nuevamente a Kelly por sus cuestionamientos durante el debate que, dijo, fueron duros pero justos.<\/p>\n<p>\u00abDonald Trump pocas veces se disculpa, pero en este caso deber\u00eda hacerlo\u00bb, dijo Ailes. \u00abNunca nos han disuadido pol\u00edticos ni cualquier otra persona que nos haya atacado por hacer nuestro trabajo, y mucho menos hemos permitido ser hostigados. Definitivamente no vamos a empezar ahora\u00bb.<\/p>\n<p>Algunos de los colegas de Kelly en Fox tambi\u00e9n salieron en su defensa. Bret Baier, quien moder\u00f3 el debate con Kelly y Chris Wallace, tuite\u00f3 que \u00abesto debe parar\u00bb. Brian Kilmeade dijo en \u00abFox &amp; Friends\u00bb que los comentarios del magnate le molestaban en lo personal.<\/p>\n<p>\u00abTodos somos amigos de Donald Trump, pero est\u00e1 totalmente fuera de lugar al reavivar esa pelea\u00bb, dijo Kilmeade. \u00abNo s\u00e9 si quiere generar ratings con eso o ascender en los sondeos, pero no lo lograr\u00e1\u00bb.<\/p>\n<\/div>\n","protected":false},"excerpt":{"rendered":"<p>AP Nueva York El jefe de Fox News Roger Ailes dijo ayer que Donald Trump le debe una disculpa a la presentadora Megyn Kelly por atacarla sin justificaci\u00f3n en Twitter de una manera \u00abinaceptable y alarmante\u00bb, pero Trump parece no dar marcha atr\u00e1s. El aspirante favorito a la candidatura presidencial por el Partido Republicano recibi\u00f3 [&hellip;]<\/p>\n","protected":false},"author":7,"featured_media":21600,"comment_status":"open","ping_status":"open","sticky":false,"template":"","format":"standard","meta":{"footnotes":""},"categories":[1,40,43],"tags":[],"class_list":["post-21598","post","type-post","status-publish","format-standard","has-post-thumbnail","hentry","category-entretenimiento","category-internacionales","category-politica"],"_links":{"self":[{"href":"https:\/\/2horizontes.com\/index.php?rest_route=\/wp\/v2\/posts\/21598","targetHints":{"allow":["GET"]}}],"collection":[{"href":"https:\/\/2horizontes.com\/index.php?rest_route=\/wp\/v2\/posts"}],"about":[{"href":"https:\/\/2horizontes.com\/index.php?rest_route=\/wp\/v2\/types\/post"}],"author":[{"embeddable":true,"href":"https:\/\/2horizontes.com\/index.php?rest_route=\/wp\/v2\/users\/7"}],"replies":[{"embeddable":true,"href":"https:\/\/2horizontes.com\/index.php?rest_route=%2Fwp%2Fv2%2Fcomments&post=21598"}],"version-history":[{"count":1,"href":"https:\/\/2horizontes.com\/index.php?rest_route=\/wp\/v2\/posts\/21598\/revisions"}],"predecessor-version":[{"id":21601,"href":"https:\/\/2horizontes.com\/index.php?rest_route=\/wp\/v2\/posts\/21598\/revisions\/21601"}],"wp:featuredmedia":[{"embeddable":true,"href":"https:\/\/2horizontes.com\/index.php?rest_route=\/wp\/v2\/media\/21600"}],"wp:attachment":[{"href":"https:\/\/2horizontes.com\/index.php?rest_route=%2Fwp%2Fv2%2Fmedia&parent=21598"}],"wp:term":[{"taxonomy":"category","embeddable":true,"href":"https:\/\/2horizontes.com\/index.php?rest_route=%2Fwp%2Fv2%2Fcategories&post=21598"},{"taxonomy":"post_tag","embeddable":true,"href":"https:\/\/2horizontes.com\/index.php?rest_route=%2Fwp%2Fv2%2Ftags&post=21598"}],"curies":[{"name":"wp","href":"https:\/\/api.w.org\/{rel}","templated":true}]}}