{"id":21586,"date":"2015-08-26T07:18:44","date_gmt":"2015-08-26T06:18:44","guid":{"rendered":"http:\/\/2horizontes.com\/?p=21586"},"modified":"2015-08-26T07:18:44","modified_gmt":"2015-08-26T06:18:44","slug":"condenado-reitera-que-rousseff-y-lula-debian-saber-de-corrupcion-en-petrobras","status":"publish","type":"post","link":"https:\/\/2horizontes.com\/?p=21586","title":{"rendered":"Condenado reitera que Rousseff y Lula deb\u00edan saber de corrupci\u00f3n en Petrobras"},"content":{"rendered":"<div id=\"ArticleAuthorDiv\" class=\"article-body-author\"><b>EFE<\/b><\/div>\n<div id=\"ArticleSourceDiv\" class=\"article-body-author\"><b>Brasilia<\/b><\/div>\n<div id=\"ArticleBody\">\n<p>El cambista Alberto Youssef, uno de los condenados por los esc\u00e1ndalos de corrupci\u00f3n en Petrobras, reiter\u00f3 ayer que cree que la presidenta brasile\u00f1a, Dilma Rousseff, y su antecesor, Luiz In\u00e1cio Lula da Silva, sab\u00edan de las irregularidades.<\/p>\n<p>Youssef, condenado a casi 20 a\u00f1os de prisi\u00f3n, compareci\u00f3 ayer ante una comisi\u00f3n parlamentaria que investiga el caso junto a Paulo Roberto Costa, exdirector de Abastecimiento de Petrobras y quien ya ha recibido una pena de siete a\u00f1os por su participaci\u00f3n en las corruptelas.<\/p>\n<p>El cambista insisti\u00f3 en que la red de corrupci\u00f3n en Petrobras se \u00abconsolid\u00f3\u00bb durante el Gobierno de Lula (2003-2011), cuando Rousseff fue primero ministra de Minas y Energ\u00eda y luego de la Presidencia, cargos por los que, adem\u00e1s, integr\u00f3 y luego presidi\u00f3 el consejo directivo de la petrolera.<\/p>\n<p>El diputado Andr\u00e9 Moura, del Partido Social Cristiano (PSC), afirm\u00f3 dirigi\u00e9ndose a Youssef que esa red no hubiera podido operar sin la venia de Lula y Rousseff o al menos sin que ellos tuvieran conocimiento y escuch\u00f3 como respuesta un simple \u00abas\u00ed es\u00bb.<\/p>\n<p>Ante la suposici\u00f3n de Youssef, el diputado Onyx Lorenzoni, del opositor partido Dem\u00f3cratas (DEM), sostuvo que Lula, quien ya no tiene foro privilegiado, debe ser citado para comparecer ante la comisi\u00f3n, que tiene poderes equivalentes a los de un tribunal.<\/p>\n<p>\u00abHay que convocar a Lula. Tiene que sentarse aqu\u00ed, pues tiene muchas explicaciones que darle a Brasil\u00bb, declar\u00f3 Lorenzoni entre los v\u00edtores de la oposici\u00f3n y el abucheo de los diputados de la base oficialista.<\/p>\n<p>Tanto Lula como Rousseff han negado haber tenido alg\u00fan indicio de lo que ocurr\u00eda en Petrobras, pese a que en el caso est\u00e1n implicados otros importantes dirigentes del gobernante Partido de los Trabajadores (PT), como el exministro Jos\u00e9 Dirceu y el extesorero del partido Joao Vaccari, ambos en prisi\u00f3n.<\/p>\n<p>Sin embargo, Youssef y Costa reiteraron sus acusaciones contra esos dos dirigentes e insistieron en que otros miembros del PT se beneficiaron de los desv\u00edos en la firma petrolera, entre quienes volvieron a citar a la senadora Gleisi Hoffmann, quien fue ministra de la Presidencia en el Gobierno de Rousseff entre 2011 y 2014.<\/p>\n<p>Tambi\u00e9n incluyeron en esa lista al marido de Hoffmann, Paulo Bernardo Silva, tambi\u00e9n del PT y que en ese mismo per\u00edodo ocup\u00f3 el cargo de ministro de Comunicaciones, as\u00ed como al extitular de Minas y Energ\u00eda Edison Lobao, del Partido del Movimiento Democr\u00e1tico Brasile\u00f1o (PMDB), formaci\u00f3n del vicepresidente del pa\u00eds, Michel Temer.<\/p>\n<p>Los tres exministros figuran en la lista de medio centenar de pol\u00edticos que la Corte Suprema investiga por su supuesta implicaci\u00f3n en la red de corrupci\u00f3n, que la propia petrolera calcula que se apropi\u00f3 de unos 2.000 millones de d\u00f3lares durante la \u00faltima d\u00e9cada.<\/p>\n<p>A pesar de la importancia de los dirigentes del PT implicados en el asunto, Rousseff reiter\u00f3 este lunes que no sab\u00eda nada.<\/p>\n<p>\u00abFui (totalmente sorprendida) y lo lamento profundamente\u00bb, afirm\u00f3 la mandataria en una entrevista que concedi\u00f3 a los diarios O Globo, Folha de Sao Paulo y O Estado de Sao Paulo.<\/p>\n<p>Seg\u00fan Costa y Youssef, miembros de la oposici\u00f3n tambi\u00e9n obtuvieron r\u00e9ditos de la red de corrupci\u00f3n.<\/p>\n<p>En ese sentido, citaron al fallecido expresidente del Partido de la Social Democracia Brasile\u00f1a (PSDB) Sergio Guerra, quien habr\u00eda recibido 10 millones de reales (cerca de 2,9 millones de d\u00f3lares) para bloquear una investigaci\u00f3n parlamentaria sobre Petrobras.<\/p>\n<p>Youssef, por su parte, insisti\u00f3 en que tuvo \u00abinformaci\u00f3n\u00bb de que el senador y excandidato presidencial del PSDB A\u00e9cio Neves tambi\u00e9n recibi\u00f3 dinero de la corrupci\u00f3n, pero en empresas de energ\u00eda.<\/p>\n<p>El cambista tambi\u00e9n reiter\u00f3 que, estando ya en prisi\u00f3n, recibi\u00f3 \u00abamenazas\u00bb de uno de los miembros de la comisi\u00f3n parlamentaria, al que primero se neg\u00f3 a identificar pero de quien asegur\u00f3 que estaba presente en esa sesi\u00f3n.<\/p>\n<p>Finalmente, ante la presi\u00f3n, acus\u00f3 de esas amenazas al diputado Celso Pansera, del oficialista PMDB, quien rechaz\u00f3 de inmediato la acusaci\u00f3n de quien defini\u00f3 como \u00abbandido\u00bb.<\/p>\n<\/div>\n","protected":false},"excerpt":{"rendered":"<p>EFE Brasilia El cambista Alberto Youssef, uno de los condenados por los esc\u00e1ndalos de corrupci\u00f3n en Petrobras, reiter\u00f3 ayer que cree que la presidenta brasile\u00f1a, Dilma Rousseff, y su antecesor, Luiz In\u00e1cio Lula da Silva, sab\u00edan de las irregularidades. Youssef, condenado a casi 20 a\u00f1os de prisi\u00f3n, compareci\u00f3 ayer ante una comisi\u00f3n parlamentaria que investiga [&hellip;]<\/p>\n","protected":false},"author":7,"featured_media":21587,"comment_status":"open","ping_status":"open","sticky":false,"template":"","format":"standard","meta":{"footnotes":""},"categories":[40,43],"tags":[],"class_list":["post-21586","post","type-post","status-publish","format-standard","has-post-thumbnail","hentry","category-internacionales","category-politica"],"_links":{"self":[{"href":"https:\/\/2horizontes.com\/index.php?rest_route=\/wp\/v2\/posts\/21586","targetHints":{"allow":["GET"]}}],"collection":[{"href":"https:\/\/2horizontes.com\/index.php?rest_route=\/wp\/v2\/posts"}],"about":[{"href":"https:\/\/2horizontes.com\/index.php?rest_route=\/wp\/v2\/types\/post"}],"author":[{"embeddable":true,"href":"https:\/\/2horizontes.com\/index.php?rest_route=\/wp\/v2\/users\/7"}],"replies":[{"embeddable":true,"href":"https:\/\/2horizontes.com\/index.php?rest_route=%2Fwp%2Fv2%2Fcomments&post=21586"}],"version-history":[{"count":1,"href":"https:\/\/2horizontes.com\/index.php?rest_route=\/wp\/v2\/posts\/21586\/revisions"}],"predecessor-version":[{"id":21588,"href":"https:\/\/2horizontes.com\/index.php?rest_route=\/wp\/v2\/posts\/21586\/revisions\/21588"}],"wp:featuredmedia":[{"embeddable":true,"href":"https:\/\/2horizontes.com\/index.php?rest_route=\/wp\/v2\/media\/21587"}],"wp:attachment":[{"href":"https:\/\/2horizontes.com\/index.php?rest_route=%2Fwp%2Fv2%2Fmedia&parent=21586"}],"wp:term":[{"taxonomy":"category","embeddable":true,"href":"https:\/\/2horizontes.com\/index.php?rest_route=%2Fwp%2Fv2%2Fcategories&post=21586"},{"taxonomy":"post_tag","embeddable":true,"href":"https:\/\/2horizontes.com\/index.php?rest_route=%2Fwp%2Fv2%2Ftags&post=21586"}],"curies":[{"name":"wp","href":"https:\/\/api.w.org\/{rel}","templated":true}]}}