{"id":21527,"date":"2015-08-25T18:58:17","date_gmt":"2015-08-25T17:58:17","guid":{"rendered":"http:\/\/2horizontes.com\/?p=21527"},"modified":"2015-08-25T18:58:17","modified_gmt":"2015-08-25T17:58:17","slug":"luguelin-clasifica-y-establece-nuevo-record-nacional","status":"publish","type":"post","link":"https:\/\/2horizontes.com\/?p=21527","title":{"rendered":"Luguelin clasifica y establece nuevo r\u00e9cord nacional"},"content":{"rendered":"<p>El dominicano Luguelin Santos, subcampe\u00f3n ol\u00edmpico de 400 metros, clasific\u00f3 para la final de los campeonatos del mundo con un nuevo r\u00e9cord nacional (44.26).Curiosamente, Santos coincidi\u00f3 en su serie con el campe\u00f3n ol\u00edmpico, el granadense Kirani James, que tambi\u00e9n le gan\u00f3, como en Londres 2012, esta vez con un registro de 44.16 segundos. La final masculina de 400 metros se disputar\u00e1 ma\u00f1ana al final del programa nocturno.<\/p>\n<p>Tras la carrera, Santos mostr\u00f3 su sorpresa por haber superado su propio r\u00e9cord nacional de 400 metros en semifinales de los campeonatos del mundo de Pek\u00edn y no se pone techo para la final.<\/p>\n<p>\u201cEn la final puede pasar cualquier cosa\u201d, advirti\u00f3 el subcampe\u00f3n ol\u00edmpico en Londres 2012, quien tambi\u00e9n reconoci\u00f3 que ve fuertes a todos sus rivales.<\/p>\n<p>Santos tard\u00f3 44.26 en dar la vuelta a la pista, rebajando 19 cent\u00e9simas el r\u00e9cord nacional que estableci\u00f3 hace dos a\u00f1os (44.45), para terminar segundo en su serie, que gan\u00f3 el granadense Kirani James, oro en los Juegos de hace tres a\u00f1os. \u201cNi yo mismo me esperaba esto, estoy mejor de lo que pens\u00e9\u201d, se\u00f1al\u00f3 el dominicano.<\/p>\n<p>Santos explic\u00f3 que empez\u00f3 la carrera \u201cun poquito lento\u201d porque estaba \u201cansioso\u201d, progres\u00f3 a partir de los 200 metros y al final, una vez vio que se hab\u00eda asegurado la clasificaci\u00f3n, se dej\u00f3 ir para reservar fuerzas para la final de ma\u00f1ana.<\/p>\n","protected":false},"excerpt":{"rendered":"<p>El dominicano Luguelin Santos, subcampe\u00f3n ol\u00edmpico de 400 metros, clasific\u00f3 para la final de los campeonatos del mundo con un nuevo r\u00e9cord nacional (44.26).Curiosamente, Santos coincidi\u00f3 en su serie con el campe\u00f3n ol\u00edmpico, el granadense Kirani James, que tambi\u00e9n le gan\u00f3, como en Londres 2012, esta vez con un registro de 44.16 segundos. La final [&hellip;]<\/p>\n","protected":false},"author":8,"featured_media":21530,"comment_status":"open","ping_status":"open","sticky":false,"template":"","format":"standard","meta":{"footnotes":""},"categories":[42,44],"tags":[],"class_list":["post-21527","post","type-post","status-publish","format-standard","has-post-thumbnail","hentry","category-deportes","category-republica-dominicana"],"_links":{"self":[{"href":"https:\/\/2horizontes.com\/index.php?rest_route=\/wp\/v2\/posts\/21527","targetHints":{"allow":["GET"]}}],"collection":[{"href":"https:\/\/2horizontes.com\/index.php?rest_route=\/wp\/v2\/posts"}],"about":[{"href":"https:\/\/2horizontes.com\/index.php?rest_route=\/wp\/v2\/types\/post"}],"author":[{"embeddable":true,"href":"https:\/\/2horizontes.com\/index.php?rest_route=\/wp\/v2\/users\/8"}],"replies":[{"embeddable":true,"href":"https:\/\/2horizontes.com\/index.php?rest_route=%2Fwp%2Fv2%2Fcomments&post=21527"}],"version-history":[{"count":1,"href":"https:\/\/2horizontes.com\/index.php?rest_route=\/wp\/v2\/posts\/21527\/revisions"}],"predecessor-version":[{"id":21531,"href":"https:\/\/2horizontes.com\/index.php?rest_route=\/wp\/v2\/posts\/21527\/revisions\/21531"}],"wp:featuredmedia":[{"embeddable":true,"href":"https:\/\/2horizontes.com\/index.php?rest_route=\/wp\/v2\/media\/21530"}],"wp:attachment":[{"href":"https:\/\/2horizontes.com\/index.php?rest_route=%2Fwp%2Fv2%2Fmedia&parent=21527"}],"wp:term":[{"taxonomy":"category","embeddable":true,"href":"https:\/\/2horizontes.com\/index.php?rest_route=%2Fwp%2Fv2%2Fcategories&post=21527"},{"taxonomy":"post_tag","embeddable":true,"href":"https:\/\/2horizontes.com\/index.php?rest_route=%2Fwp%2Fv2%2Ftags&post=21527"}],"curies":[{"name":"wp","href":"https:\/\/api.w.org\/{rel}","templated":true}]}}