{"id":21521,"date":"2015-08-25T18:51:05","date_gmt":"2015-08-25T17:51:05","guid":{"rendered":"http:\/\/2horizontes.com\/?p=21521"},"modified":"2015-08-25T18:51:06","modified_gmt":"2015-08-25T17:51:06","slug":"bandas-de-menores-delincuentes-azotan-cienfuegos-santiago-rd","status":"publish","type":"post","link":"https:\/\/2horizontes.com\/?p=21521","title":{"rendered":"Bandas de menores delincuentes azotan Cienfuegos Santiago RD"},"content":{"rendered":"<p><strong>RD-Santiago.<\/strong> Representantes de organizaciones comunitarias y religiosas mostraron preocupaci\u00f3n por la incursi\u00f3n de menores en bandas que operan en el sector Cienfuegos.<\/p>\n<p>A los problemas de miseria que enfrenta el barrio Santa Luc\u00eda se suma el de la inseguridad, ya que se han formado peque\u00f1as bandas de atracadores con edades comprendida entre los ocho y 15 a\u00f1os. Jos\u00e9 Alberto Polaco, presidente de la junta de vecinos, mostr\u00f3 su preocupaci\u00f3n por la incursi\u00f3n de menores en estas acciones y llam\u00f3 a los padres a vigilar las actuaciones de sus hijos.<\/p>\n<p>Recientemente, en esa barriada fue instalado un cuartel policial m\u00f3vil para tratar de reducir los hechos de delincuencia, sin embargo, esta medida no ha logrado detener la incursi\u00f3n de menores y adolescentes en hechos de atracos y robos.<\/p>\n<p>\u201cLo que est\u00e1 sucediendo es muy preocupante, ya ni los vendedores quieren acudir a ofrecer sus productos en este barrio debido a que ya han sido despojados de sus mercanc\u00edas y sus celulares\u201d, indic\u00f3.<\/p>\n<p><strong>Alarmados<\/strong><\/p>\n<p>Aunque la junta de vecinos est\u00e1 dispuesta a iniciar operativos preventivos junto a los agentes policiales, dicen que a\u00fan no reciben respuesta de las autoridades policiales. Hasta las viviendas cercanas a dicho cuartel han sido asaltadas en varias ocasiones por las bandas de delincuentes juveniles, seg\u00fan denunciaron. El pastor Pablo Ure\u00f1a, quien dirige el programa Ni\u00f1os con una Esperanza en el barrio Santa Luc\u00eda, calific\u00f3 como muy serio, el hecho de que menores participen en asaltos.<\/p>\n<p>\u201cEs altamente preocupante la ola de robos y atracos que azota a varias comunidades de Cienfuegos. El caso es tan terrible que vemos ni\u00f1os que al parecer, manejados por adultos, son utilizados en robos\u201d, expres\u00f3 Ure\u00f1a. El religioso asegura que hasta menores con edades de entre ocho y 11 a\u00f1os mantienen en zozobra la barriada.<\/p>\n<p><strong>Creen Gobierno debe intervenir<\/strong><\/p>\n<p>\u201cEl Gobierno tiene que responder, ya que los padres de estos ni\u00f1os y adolescentes los han dejado a su suerte y no hacen nada para controlarlos\u201d, puntualiza el pastor. Los propietarios de colmados tambi\u00e9n muestran su preocupaci\u00f3n por la delincuencia y falta de acci\u00f3n policial y llaman a reforzar el patrullaje y hacer labor de inteligencia para detener los hechos delictivos.<\/p>\n<p>&nbsp;<\/p>\n","protected":false},"excerpt":{"rendered":"<p>RD-Santiago. Representantes de organizaciones comunitarias y religiosas mostraron preocupaci\u00f3n por la incursi\u00f3n de menores en bandas que operan en el sector Cienfuegos. A los problemas de miseria que enfrenta el barrio Santa Luc\u00eda se suma el de la inseguridad, ya que se han formado peque\u00f1as bandas de atracadores con edades comprendida entre los ocho y [&hellip;]<\/p>\n","protected":false},"author":8,"featured_media":21523,"comment_status":"open","ping_status":"open","sticky":false,"template":"","format":"standard","meta":{"footnotes":""},"categories":[53,44],"tags":[],"class_list":["post-21521","post","type-post","status-publish","format-standard","has-post-thumbnail","hentry","category-provincias","category-republica-dominicana"],"_links":{"self":[{"href":"https:\/\/2horizontes.com\/index.php?rest_route=\/wp\/v2\/posts\/21521","targetHints":{"allow":["GET"]}}],"collection":[{"href":"https:\/\/2horizontes.com\/index.php?rest_route=\/wp\/v2\/posts"}],"about":[{"href":"https:\/\/2horizontes.com\/index.php?rest_route=\/wp\/v2\/types\/post"}],"author":[{"embeddable":true,"href":"https:\/\/2horizontes.com\/index.php?rest_route=\/wp\/v2\/users\/8"}],"replies":[{"embeddable":true,"href":"https:\/\/2horizontes.com\/index.php?rest_route=%2Fwp%2Fv2%2Fcomments&post=21521"}],"version-history":[{"count":1,"href":"https:\/\/2horizontes.com\/index.php?rest_route=\/wp\/v2\/posts\/21521\/revisions"}],"predecessor-version":[{"id":21526,"href":"https:\/\/2horizontes.com\/index.php?rest_route=\/wp\/v2\/posts\/21521\/revisions\/21526"}],"wp:featuredmedia":[{"embeddable":true,"href":"https:\/\/2horizontes.com\/index.php?rest_route=\/wp\/v2\/media\/21523"}],"wp:attachment":[{"href":"https:\/\/2horizontes.com\/index.php?rest_route=%2Fwp%2Fv2%2Fmedia&parent=21521"}],"wp:term":[{"taxonomy":"category","embeddable":true,"href":"https:\/\/2horizontes.com\/index.php?rest_route=%2Fwp%2Fv2%2Fcategories&post=21521"},{"taxonomy":"post_tag","embeddable":true,"href":"https:\/\/2horizontes.com\/index.php?rest_route=%2Fwp%2Fv2%2Ftags&post=21521"}],"curies":[{"name":"wp","href":"https:\/\/api.w.org\/{rel}","templated":true}]}}