{"id":21478,"date":"2015-08-25T16:38:11","date_gmt":"2015-08-25T15:38:11","guid":{"rendered":"http:\/\/2horizontes.com\/?p=21478"},"modified":"2015-08-25T16:38:11","modified_gmt":"2015-08-25T15:38:11","slug":"mision-haiti-va-a-hatillo-palma-rd","status":"publish","type":"post","link":"https:\/\/2horizontes.com\/?p=21478","title":{"rendered":"Misi\u00f3n Hait\u00ed va a Hatillo Palma RD"},"content":{"rendered":"<div id=\"ArticleBody\">\n<p>RD-HATILLO PALMA- MONTECRISTI-Las autoridades haitianas se reunieron ayer con sus compatriotas que residen en Hatillo Palma, de la provincia de Montecristi y les aconsejaron que den ejemplo de disciplina y conducta.<\/p>\n<p>La comisi\u00f3n estuvo encabezada por el c\u00f3nsul haitiano en Juana M\u00e9ndez, Noel Luckmen, quien dijo que decidieron trasladarse a la comunidad para verificar la real situaci\u00f3n de lo sucedido.<\/p>\n<p>El diplom\u00e1tico declar\u00f3 que si ciertamente, los tres haitianos que vinculan en la violaci\u00f3n sexual y agresi\u00f3n\u00a0 a la dominicana Carolina de la Cruz Delgado de 42 a\u00f1os, que es encargada de Contabilidad del Ayuntamiento de Hatillo Palma, cometieron ese hecho, es un crimen, que Hait\u00ed rechaza y pide sanci\u00f3n.<\/p>\n<p>No obstante, dijo que Hait\u00ed tambi\u00e9n rechaza y pide sanci\u00f3n por la muerte del haitiano Wislin Ydac, de 25 a\u00f1os y por la quema y destrucciones de casas ocupadas por haitianos, la mayor\u00eda ilegales en Hatillo Palma.<\/p>\n<p>Luckmen expres\u00f3 que si bien es cierto, que el caso de\u00a0 la se\u00f1ora Cruz Delgado es grave y tiene que recibir sanciones, tambi\u00e9n, en lo que corrrespende a Idac, tiene que investigarse, porque nadie, \u201cpuede tomar justicia con las manos\u201d<\/p>\n<p>La Polic\u00eda dijo que apres\u00f3 a tres personas, pero que solo dos son investigadas en relaci\u00f3n al caso, porque uno de los arrestados sufri\u00f3 un infarto agudo que lo mantiene ingresado en el Hospital Regional Jos\u00e9 Mar\u00eda Cabral y B\u00e1ez de Santiago<\/p>\n<\/div>\n<div><\/div>\n<p>&nbsp;<\/p>\n","protected":false},"excerpt":{"rendered":"<p>RD-HATILLO PALMA- MONTECRISTI-Las autoridades haitianas se reunieron ayer con sus compatriotas que residen en Hatillo Palma, de la provincia de Montecristi y les aconsejaron que den ejemplo de disciplina y conducta. La comisi\u00f3n estuvo encabezada por el c\u00f3nsul haitiano en Juana M\u00e9ndez, Noel Luckmen, quien dijo que decidieron trasladarse a la comunidad para verificar la [&hellip;]<\/p>\n","protected":false},"author":8,"featured_media":21469,"comment_status":"open","ping_status":"open","sticky":false,"template":"","format":"standard","meta":{"footnotes":""},"categories":[54,47,53,44],"tags":[],"class_list":["post-21478","post","type-post","status-publish","format-standard","has-post-thumbnail","hentry","category-emigrantes","category-haiti","category-provincias","category-republica-dominicana"],"_links":{"self":[{"href":"https:\/\/2horizontes.com\/index.php?rest_route=\/wp\/v2\/posts\/21478","targetHints":{"allow":["GET"]}}],"collection":[{"href":"https:\/\/2horizontes.com\/index.php?rest_route=\/wp\/v2\/posts"}],"about":[{"href":"https:\/\/2horizontes.com\/index.php?rest_route=\/wp\/v2\/types\/post"}],"author":[{"embeddable":true,"href":"https:\/\/2horizontes.com\/index.php?rest_route=\/wp\/v2\/users\/8"}],"replies":[{"embeddable":true,"href":"https:\/\/2horizontes.com\/index.php?rest_route=%2Fwp%2Fv2%2Fcomments&post=21478"}],"version-history":[{"count":1,"href":"https:\/\/2horizontes.com\/index.php?rest_route=\/wp\/v2\/posts\/21478\/revisions"}],"predecessor-version":[{"id":21479,"href":"https:\/\/2horizontes.com\/index.php?rest_route=\/wp\/v2\/posts\/21478\/revisions\/21479"}],"wp:featuredmedia":[{"embeddable":true,"href":"https:\/\/2horizontes.com\/index.php?rest_route=\/wp\/v2\/media\/21469"}],"wp:attachment":[{"href":"https:\/\/2horizontes.com\/index.php?rest_route=%2Fwp%2Fv2%2Fmedia&parent=21478"}],"wp:term":[{"taxonomy":"category","embeddable":true,"href":"https:\/\/2horizontes.com\/index.php?rest_route=%2Fwp%2Fv2%2Fcategories&post=21478"},{"taxonomy":"post_tag","embeddable":true,"href":"https:\/\/2horizontes.com\/index.php?rest_route=%2Fwp%2Fv2%2Ftags&post=21478"}],"curies":[{"name":"wp","href":"https:\/\/api.w.org\/{rel}","templated":true}]}}