{"id":21468,"date":"2015-08-25T16:19:31","date_gmt":"2015-08-25T15:19:31","guid":{"rendered":"http:\/\/2horizontes.com\/?p=21468"},"modified":"2015-08-25T16:19:31","modified_gmt":"2015-08-25T15:19:31","slug":"las-antillas-menores-bajo-alerta-por-avance-de-tormenta-tropical-erika","status":"publish","type":"post","link":"https:\/\/2horizontes.com\/?p=21468","title":{"rendered":"Las Antillas Menores bajo alerta por avance de tormenta tropical Erika"},"content":{"rendered":"<div id=\"ArticleAuthorDiv\" class=\"article-body-author\"><b>EFE<\/b><\/div>\n<div id=\"ArticleSourceDiv\" class=\"article-body-author\"><b>Miami (EEUU)<\/b><\/div>\n<div id=\"ArticleBody\">\n<p>La tormenta tropical Erika, la quinta de la temporada de huracanes en la cuenca atl\u00e1ntica, amenaza las islas de Sotavento (Antillas Menores) en su r\u00e1pido avance hacia aguas del Caribe, inform\u00f3 hoy el Centro Nacional de Huracanes (CNH) de EEUU.<\/p>\n<p>Erika, que presenta vientos m\u00e1ximos sostenidos de 75 kil\u00f3metros por hora, se halla a 1.205 kil\u00f3metros al este de las Antillas Menores y se desplaza hacia el oeste con una velocidad de 31 kil\u00f3metros por hora, indic\u00f3 el CNH en su bolet\u00edn de las 12.00 GMT.<\/p>\n<p>El centro de la tormenta se halla cerca de la latitud 14,8 grados norte y la longitud 50,2 grados oeste, y en las pr\u00f3ximas 48 horas, seg\u00fan los meteor\u00f3logos del CNH, \u00abse espera que su trayectoria cambie de la direcci\u00f3n oeste a oeste-noroeste\u00bb.<\/p>\n<p>Seg\u00fan un probable patr\u00f3n de trayectoria, el centro de Erika \u00abse aproximar\u00e1 a las islas de Sotavento el mi\u00e9rcoles por la noche y la madrugada del jueves\u00bb.<\/p>\n<p>Los meteor\u00f3logos advirtieron de que se espera \u00abalg\u00fan fortalecimiento\u00bb de la tormenta y esta podr\u00eda convertirse en un hurac\u00e1n de categor\u00eda 1 en la escala de intensidad Saffir-Simpson, de un m\u00e1ximo de 5, el pr\u00f3ximo fin de semana.<\/p>\n<p>El cono de proyecci\u00f3n a cinco d\u00edas indica que parte de la pen\u00ednsula floridana podr\u00eda caer dentro del radio de acci\u00f3n de Erika.<\/p>\n<p>Se ha emitido una alerta de tormenta tropical (paso del sistema en 48 horas) para un grupo de islas de las Antillas Menores: Montserrat, Antigua, Barbuda, San Crist\u00f3bal y Nieves, Anguila, Saba, St. Eustatius y St. Maarten.<\/p>\n<p>Desde que el pasado 1 de junio comenz\u00f3 oficialmente la temporada de huracanes en el Atl\u00e1ntico, se han formado cinco tormentas tropicales: Ana, Bill, Claudette, Danny -esta \u00faltima transformada en el primer hurac\u00e1n de categor\u00eda mayor (3) de la temporada- y Erika.<\/p>\n<p>Expertos en ciencias atmosf\u00e9ricas de la Universidad Estatal de Colorado pronosticaron el 6 de agosto que la actual temporada de ciclones estar\u00e1 \u00abbastante por debajo de la media\u00bb, con cinco tormentas tropicales y dos huracanes.<\/p>\n<p>Esta baja actividad, explicaron, se debe al desarrollo del fen\u00f3meno de El Ni\u00f1o en el oc\u00e9ano Pac\u00edfico, que inhibe la formaci\u00f3n de tormentas en el Atl\u00e1ntico.<\/p>\n<\/div>\n<div><\/div>\n<p>&nbsp;<\/p>\n","protected":false},"excerpt":{"rendered":"<p>EFE Miami (EEUU) La tormenta tropical Erika, la quinta de la temporada de huracanes en la cuenca atl\u00e1ntica, amenaza las islas de Sotavento (Antillas Menores) en su r\u00e1pido avance hacia aguas del Caribe, inform\u00f3 hoy el Centro Nacional de Huracanes (CNH) de EEUU. Erika, que presenta vientos m\u00e1ximos sostenidos de 75 kil\u00f3metros por hora, se [&hellip;]<\/p>\n","protected":false},"author":8,"featured_media":21476,"comment_status":"open","ping_status":"open","sticky":false,"template":"","format":"standard","meta":{"footnotes":""},"categories":[40],"tags":[],"class_list":["post-21468","post","type-post","status-publish","format-standard","has-post-thumbnail","hentry","category-internacionales"],"_links":{"self":[{"href":"https:\/\/2horizontes.com\/index.php?rest_route=\/wp\/v2\/posts\/21468","targetHints":{"allow":["GET"]}}],"collection":[{"href":"https:\/\/2horizontes.com\/index.php?rest_route=\/wp\/v2\/posts"}],"about":[{"href":"https:\/\/2horizontes.com\/index.php?rest_route=\/wp\/v2\/types\/post"}],"author":[{"embeddable":true,"href":"https:\/\/2horizontes.com\/index.php?rest_route=\/wp\/v2\/users\/8"}],"replies":[{"embeddable":true,"href":"https:\/\/2horizontes.com\/index.php?rest_route=%2Fwp%2Fv2%2Fcomments&post=21468"}],"version-history":[{"count":1,"href":"https:\/\/2horizontes.com\/index.php?rest_route=\/wp\/v2\/posts\/21468\/revisions"}],"predecessor-version":[{"id":21477,"href":"https:\/\/2horizontes.com\/index.php?rest_route=\/wp\/v2\/posts\/21468\/revisions\/21477"}],"wp:featuredmedia":[{"embeddable":true,"href":"https:\/\/2horizontes.com\/index.php?rest_route=\/wp\/v2\/media\/21476"}],"wp:attachment":[{"href":"https:\/\/2horizontes.com\/index.php?rest_route=%2Fwp%2Fv2%2Fmedia&parent=21468"}],"wp:term":[{"taxonomy":"category","embeddable":true,"href":"https:\/\/2horizontes.com\/index.php?rest_route=%2Fwp%2Fv2%2Fcategories&post=21468"},{"taxonomy":"post_tag","embeddable":true,"href":"https:\/\/2horizontes.com\/index.php?rest_route=%2Fwp%2Fv2%2Ftags&post=21468"}],"curies":[{"name":"wp","href":"https:\/\/api.w.org\/{rel}","templated":true}]}}