{"id":21413,"date":"2015-08-25T10:13:44","date_gmt":"2015-08-25T09:13:44","guid":{"rendered":"http:\/\/2horizontes.com\/?p=21413"},"modified":"2015-08-25T10:13:44","modified_gmt":"2015-08-25T09:13:44","slug":"con-oraciones-encaro-exvicepresidenta-guatemala-primera-audiencia-por-corrupcion","status":"publish","type":"post","link":"https:\/\/2horizontes.com\/?p=21413","title":{"rendered":"Con oraciones encar\u00f3 exvicepresidenta Guatemala primera audiencia por corrupci\u00f3n"},"content":{"rendered":"<div id=\"ArticleAuthorDiv\" class=\"article-body-author\"><b>EFE<\/b><\/div>\n<div id=\"ArticleSourceDiv\" class=\"article-body-author\"><b>Guatemala<\/b><\/div>\n<div id=\"ArticleBody\">\n<p>Por momentos serena, a ratos inc\u00f3moda y encomendada a Dios, la exvicepresidenta de Guatemala Roxana Baldetti encar\u00f3 ayer la primera audiencia por el caso de corrupci\u00f3n que le cost\u00f3 el cargo, en la que fue acusada de integrar una red que habr\u00eda defraudado m\u00e1s de 3,7 millones de d\u00f3lares al Estado.<\/p>\n<p>Vestida con una chaqueta azul y una camisa blanca, Baldetti, que a veces dialog\u00f3 con su abogado Mario Cano, escuch\u00f3 atenta las pruebas que present\u00f3 el Ministerio P\u00fablico (MP) en su contra.<\/p>\n<p>En una fotograf\u00eda filtrada por algunos medios de comunicaci\u00f3n se observa como Baldetti opt\u00f3 por encomendarse a Dios, anotando un Padre Nuestro, adem\u00e1s de algunas cifras y fechas anotadas en unas hojas de papel blanco en las que en ocasiones escrib\u00eda.<\/p>\n<p>Ingrid Roxana Baldetti El\u00edas, quien ocup\u00f3 la Vicepresidencia de Guatemala desde el 14 de enero de 2012 hasta el 8 de mayo pasado, cuando renunci\u00f3 salpicada por el esc\u00e1ndalo de corrupci\u00f3n aduanera denominado \u00abLa L\u00ednea\u00bb, se neg\u00f3 a prestar declaraci\u00f3n.<\/p>\n<p>\u00abEn este momento no voy a declarar se\u00f1or juez\u00bb, dijo la antigua vicepresidenta cuando fue su turno de dar explicaciones durante la audiencia judicial.<\/p>\n<p>El juez Miguel \u00c1ngel G\u00e1lvez, del Juzgado B de Mayor Riesgo, hab\u00eda explicado que ella tiene el derecho de declarar o no.<\/p>\n<p>Al inicio de la audiencia Baldetti se limit\u00f3 a dar sus datos generales: dijo que es licenciada en Ciencias de la Comunicaci\u00f3n y madre de dos hijos, uno de 26 y otro de 23 a\u00f1os.<\/p>\n<p>La diligencia acapar\u00f3 una cobertura sin precedentes y la sala donde se desarroll\u00f3 se qued\u00f3 peque\u00f1a ante la cantidad de medios de comunicaci\u00f3n, muchos de los cuales se instalaron en el pasillo en donde el Organismo Judicial coloc\u00f3 una bocinas para que escucharan todo el proceso.<\/p>\n<p>Las medidas de seguridad fueron reforzadas de manera in\u00e9dita en el juzgado y los periodistas no pod\u00eda acercarse a la ex alta funcionaria.<\/p>\n<p>Baldetti fue trasladada a la Torre de Tribunales a primeras horas de este lunes desde el cuartel militar Matamoros, donde fue recluida el pasado viernes tras su detenci\u00f3n en un centro asistencial privado por agentes del MP con el apoyo de la Comisi\u00f3n Internacional Contra la Impunidad en Guatemala (CICIG).<\/p>\n<p>La escuchas telef\u00f3nicas que present\u00f3 como pruebas la Fiscal\u00eda van revelando, de a poco, c\u00f3mo se negociaba la repartici\u00f3n de los recursos de la defraudaci\u00f3n.<\/p>\n<p>Seg\u00fan las investigaciones, entre mayo de 2014 y abril pasado la red ingres\u00f3 1.561 contenedores que les habr\u00edan generado m\u00e1s de 28,5 millones de quetzales (3,7 millones de d\u00f3lares).<\/p>\n<p>\u00abSe ha determinado su participaci\u00f3n en la organizaci\u00f3n al menos desde el 8 de mayo de 2014 al 16 de abril de 2015\u00bb, afirm\u00f3 el fiscal Juan Francisco Sandoval, y sustent\u00f3 la acusaci\u00f3n en las escuchas telef\u00f3nicas.<\/p>\n<p>El destape de este esc\u00e1ndalo mantiene en la cuerda floja al jefe de Estado, Otto P\u00e9rez Molina, quien, seg\u00fan la CICIG y el MP lideraba, junto a Baldetti, la red corrupta.<\/p>\n<p>La c\u00fapula empresarial y diversos sectores han pedido p\u00fablicamente la renuncia inmediata a P\u00e9rez Molina, quien ha negado las acusaciones en su contra y ha dicho que va a \u00abdar la cara\u00bb.<\/p>\n<p>\u00abCon mucha pena, preocupaci\u00f3n, nostalgia y decepci\u00f3n veo que (el presidente) est\u00e1 involucrado en el caso La L\u00ednea\u00bb, por el que hay detenidas casi 30 personas, sostuvo este lunes la fiscal general, Thelma Aldana.<\/p>\n<p>Agreg\u00f3 que en las \u00abescuchas\u00bb que est\u00e1n en manos de la Fiscal\u00eda est\u00e1 \u00abla voz del presidente\u00bb y que por ello el pasado viernes se solicit\u00f3 ante la Corte Suprema un antejuicio para despojarlo de su inmunidad y que pueda, as\u00ed, enfrentar alg\u00fan proceso.<\/p>\n<p>El mandatario rechaza los se\u00f1alamientos en su contra y pese a las demandas de renuncia, asegura que seguir\u00e1 en el cargo y que enfrentar\u00e1 el debido proceso.<\/p>\n<\/div>\n<div><\/div>\n<p>&nbsp;<\/p>\n","protected":false},"excerpt":{"rendered":"<p>EFE Guatemala Por momentos serena, a ratos inc\u00f3moda y encomendada a Dios, la exvicepresidenta de Guatemala Roxana Baldetti encar\u00f3 ayer la primera audiencia por el caso de corrupci\u00f3n que le cost\u00f3 el cargo, en la que fue acusada de integrar una red que habr\u00eda defraudado m\u00e1s de 3,7 millones de d\u00f3lares al Estado. Vestida con [&hellip;]<\/p>\n","protected":false},"author":7,"featured_media":21414,"comment_status":"open","ping_status":"open","sticky":false,"template":"","format":"standard","meta":{"footnotes":""},"categories":[40,43],"tags":[],"class_list":["post-21413","post","type-post","status-publish","format-standard","has-post-thumbnail","hentry","category-internacionales","category-politica"],"_links":{"self":[{"href":"https:\/\/2horizontes.com\/index.php?rest_route=\/wp\/v2\/posts\/21413","targetHints":{"allow":["GET"]}}],"collection":[{"href":"https:\/\/2horizontes.com\/index.php?rest_route=\/wp\/v2\/posts"}],"about":[{"href":"https:\/\/2horizontes.com\/index.php?rest_route=\/wp\/v2\/types\/post"}],"author":[{"embeddable":true,"href":"https:\/\/2horizontes.com\/index.php?rest_route=\/wp\/v2\/users\/7"}],"replies":[{"embeddable":true,"href":"https:\/\/2horizontes.com\/index.php?rest_route=%2Fwp%2Fv2%2Fcomments&post=21413"}],"version-history":[{"count":1,"href":"https:\/\/2horizontes.com\/index.php?rest_route=\/wp\/v2\/posts\/21413\/revisions"}],"predecessor-version":[{"id":21415,"href":"https:\/\/2horizontes.com\/index.php?rest_route=\/wp\/v2\/posts\/21413\/revisions\/21415"}],"wp:featuredmedia":[{"embeddable":true,"href":"https:\/\/2horizontes.com\/index.php?rest_route=\/wp\/v2\/media\/21414"}],"wp:attachment":[{"href":"https:\/\/2horizontes.com\/index.php?rest_route=%2Fwp%2Fv2%2Fmedia&parent=21413"}],"wp:term":[{"taxonomy":"category","embeddable":true,"href":"https:\/\/2horizontes.com\/index.php?rest_route=%2Fwp%2Fv2%2Fcategories&post=21413"},{"taxonomy":"post_tag","embeddable":true,"href":"https:\/\/2horizontes.com\/index.php?rest_route=%2Fwp%2Fv2%2Ftags&post=21413"}],"curies":[{"name":"wp","href":"https:\/\/api.w.org\/{rel}","templated":true}]}}