{"id":21356,"date":"2015-08-24T21:07:22","date_gmt":"2015-08-24T20:07:22","guid":{"rendered":"http:\/\/2horizontes.com\/?p=21356"},"modified":"2015-08-24T21:07:22","modified_gmt":"2015-08-24T20:07:22","slug":"el-regreso-sin-rencor-del-hijo-prodigo","status":"publish","type":"post","link":"https:\/\/2horizontes.com\/?p=21356","title":{"rendered":"El regreso sin rencor del hijo pr\u00f3digo"},"content":{"rendered":"<p>Los libros convenientemente desordenados sobre la mesa y los estantes de la biblioteca, con una preponderancia del h\u00fangaro S\u00e1ndor M\u00e1rai y algunos poetas rusos sobre otros autores. La penumbra inunda liviana y discretamente los pasillos para atenuar el calor que acecha desde una calle cercana a la Puerta del Sol.<\/p>\n<p>La casa de Nacho Duato (Valencia, 1957) en Madrid sigue siendo el refugio donde conserva los tomos encuadernados de peri\u00f3dicos de la primera mitad del siglo XX, heredados de su padre o parte de esa colecci\u00f3n con cerca de 60 globos terr\u00e1queos, predicci\u00f3n quiz\u00e1s de sus actuales a\u00f1os n\u00f3madas y sus \u00faltimas aventuras por Rusia y Alemania.<\/p>\n<p>Otro asunto han sido los escenarios del pa\u00eds donde durante casi 20 temporadas fue m\u00e1ximo responsable de una de sus formaciones estrella, la Compa\u00f1\u00eda Nacional de Danza (CND).<\/p>\n<p>Hace cinco a\u00f1os que no presenta ning\u00fan espect\u00e1culo suyo en su tierra. Pero ese divorcio con resquemores termina el 4 de septiembre cuando se presente junto al Staats Ballet de Berl\u00edn en el Teatro Real.<\/p>\n<p>Lo har\u00e1 con La bella durmiente montada por \u00e9l y otro programa variado y diferente en el que repone, entre otras piezas, su coreograf\u00eda White Darkness.<\/p>\n<p>Conserva la sonrisa que le achina la mirada, el porte de escultura griega y cierto desd\u00e9n hacia la nostalgia.<\/p>\n<p>A la pregunta de si ha echado de menos su etapa espa\u00f1ola, incluso a su p\u00fablico, responde: \u00abNo mucho, la verdad\u00bb. \u00bfNi aunque en Berl\u00edn o en San Petersburgo le agujeree su angulosa cara mediterr\u00e1nea el fr\u00edo?<\/p>\n<p>Eso es cierto, pero gozamos de una buena calefacci\u00f3n, siempre lo sufro m\u00e1s en Madrid o en Valencia. Por alguna parte quedan rendijas entre las que se cuela el aire\u00bb.<\/p>\n","protected":false},"excerpt":{"rendered":"<p>Los libros convenientemente desordenados sobre la mesa y los estantes de la biblioteca, con una preponderancia del h\u00fangaro S\u00e1ndor M\u00e1rai y algunos poetas rusos sobre otros autores. La penumbra inunda liviana y discretamente los pasillos para atenuar el calor que acecha desde una calle cercana a la Puerta del Sol. La casa de Nacho Duato [&hellip;]<\/p>\n","protected":false},"author":3,"featured_media":21357,"comment_status":"open","ping_status":"open","sticky":false,"template":"","format":"standard","meta":{"footnotes":""},"categories":[62],"tags":[],"class_list":["post-21356","post","type-post","status-publish","format-standard","has-post-thumbnail","hentry","category-cultura"],"_links":{"self":[{"href":"https:\/\/2horizontes.com\/index.php?rest_route=\/wp\/v2\/posts\/21356","targetHints":{"allow":["GET"]}}],"collection":[{"href":"https:\/\/2horizontes.com\/index.php?rest_route=\/wp\/v2\/posts"}],"about":[{"href":"https:\/\/2horizontes.com\/index.php?rest_route=\/wp\/v2\/types\/post"}],"author":[{"embeddable":true,"href":"https:\/\/2horizontes.com\/index.php?rest_route=\/wp\/v2\/users\/3"}],"replies":[{"embeddable":true,"href":"https:\/\/2horizontes.com\/index.php?rest_route=%2Fwp%2Fv2%2Fcomments&post=21356"}],"version-history":[{"count":1,"href":"https:\/\/2horizontes.com\/index.php?rest_route=\/wp\/v2\/posts\/21356\/revisions"}],"predecessor-version":[{"id":21359,"href":"https:\/\/2horizontes.com\/index.php?rest_route=\/wp\/v2\/posts\/21356\/revisions\/21359"}],"wp:featuredmedia":[{"embeddable":true,"href":"https:\/\/2horizontes.com\/index.php?rest_route=\/wp\/v2\/media\/21357"}],"wp:attachment":[{"href":"https:\/\/2horizontes.com\/index.php?rest_route=%2Fwp%2Fv2%2Fmedia&parent=21356"}],"wp:term":[{"taxonomy":"category","embeddable":true,"href":"https:\/\/2horizontes.com\/index.php?rest_route=%2Fwp%2Fv2%2Fcategories&post=21356"},{"taxonomy":"post_tag","embeddable":true,"href":"https:\/\/2horizontes.com\/index.php?rest_route=%2Fwp%2Fv2%2Ftags&post=21356"}],"curies":[{"name":"wp","href":"https:\/\/api.w.org\/{rel}","templated":true}]}}