{"id":21347,"date":"2015-08-24T19:45:12","date_gmt":"2015-08-24T18:45:12","guid":{"rendered":"http:\/\/2horizontes.com\/?p=21347"},"modified":"2015-08-24T19:45:12","modified_gmt":"2015-08-24T18:45:12","slug":"siete-jovenes-son-condenados-a-seis-meses-de-carcel-en-senegal-por-homosexualidad","status":"publish","type":"post","link":"https:\/\/2horizontes.com\/?p=21347","title":{"rendered":"Siete j\u00f3venes son condenados a seis meses de c\u00e1rcel en Senegal por homosexualidad"},"content":{"rendered":"<p>Seguimos con los casos de homofobia que nos vienen directamente desde los pa\u00edses africanos que como bien sabemos, es el continente en el que existe una mayor discriminaci\u00f3n hacia las personas LGTB. En esta ocasi\u00f3n nos vamos hasta Senegal, un pa\u00eds en el que los homosexuales est\u00e1n m\u00e1s que amenazados y d\u00f3nde cualquier indicio de pr\u00e1cticas gay, puede ser condenado con a\u00f1os de c\u00e1rcel.<\/p>\n<p>Los hechos nos trasladan al mes de julio que fue la fecha en la que se descubri\u00f3 el \u00abacto contranatura\u00bb. Seg\u00fan cuenta la noticia, siete chicos de entre veinte y treinta a\u00f1os de edad fueron descubiertos un piso desnudos y con un preservativo en la cama por lo que se esperaba que fuesen a tener relaciones sexuales.<\/p>\n<p>La madre de uno de los acusados fue la que dio la voz de alarma para avisar de que hab\u00eda intenci\u00f3n de homosexualidad por parte de unos cu\u00e1ntos j\u00f3venes. De inmediato, las autoridades se acercaron al lugar de los hechos d\u00f3nde vieron a los chicos aunque ahora, las declaraciones son muy diferentes.<\/p>\n<p>En el juicio pasado la madre que lanz\u00f3 el aviso no quiso declarar nada y los j\u00f3venes negaron los hechos de los que se les acusaba pero esto no ha frenado la sentencia. Bajo las observaciones de los polic\u00edas, se ha juzgado a los chicos aunque como bien hemos dicho, no sabemos si hubo delito previamente.<\/p>\n<p>Como vemos la situaci\u00f3n en Senegal sigue siendo aplastante para las personas LGTB y al parecer, la voz policial vale para que se haga sentencia. De esta manera, los siete j\u00f3venes est\u00e1n condenados a seis mese de c\u00e1rcel en la ciudad de Gu\u00e9diawaye.<\/p>\n","protected":false},"excerpt":{"rendered":"<p>Seguimos con los casos de homofobia que nos vienen directamente desde los pa\u00edses africanos que como bien sabemos, es el continente en el que existe una mayor discriminaci\u00f3n hacia las personas LGTB. En esta ocasi\u00f3n nos vamos hasta Senegal, un pa\u00eds en el que los homosexuales est\u00e1n m\u00e1s que amenazados y d\u00f3nde cualquier indicio de [&hellip;]<\/p>\n","protected":false},"author":3,"featured_media":21348,"comment_status":"open","ping_status":"open","sticky":false,"template":"","format":"standard","meta":{"footnotes":""},"categories":[57],"tags":[],"class_list":["post-21347","post","type-post","status-publish","format-standard","has-post-thumbnail","hentry","category-mundo-gay"],"_links":{"self":[{"href":"https:\/\/2horizontes.com\/index.php?rest_route=\/wp\/v2\/posts\/21347","targetHints":{"allow":["GET"]}}],"collection":[{"href":"https:\/\/2horizontes.com\/index.php?rest_route=\/wp\/v2\/posts"}],"about":[{"href":"https:\/\/2horizontes.com\/index.php?rest_route=\/wp\/v2\/types\/post"}],"author":[{"embeddable":true,"href":"https:\/\/2horizontes.com\/index.php?rest_route=\/wp\/v2\/users\/3"}],"replies":[{"embeddable":true,"href":"https:\/\/2horizontes.com\/index.php?rest_route=%2Fwp%2Fv2%2Fcomments&post=21347"}],"version-history":[{"count":1,"href":"https:\/\/2horizontes.com\/index.php?rest_route=\/wp\/v2\/posts\/21347\/revisions"}],"predecessor-version":[{"id":21349,"href":"https:\/\/2horizontes.com\/index.php?rest_route=\/wp\/v2\/posts\/21347\/revisions\/21349"}],"wp:featuredmedia":[{"embeddable":true,"href":"https:\/\/2horizontes.com\/index.php?rest_route=\/wp\/v2\/media\/21348"}],"wp:attachment":[{"href":"https:\/\/2horizontes.com\/index.php?rest_route=%2Fwp%2Fv2%2Fmedia&parent=21347"}],"wp:term":[{"taxonomy":"category","embeddable":true,"href":"https:\/\/2horizontes.com\/index.php?rest_route=%2Fwp%2Fv2%2Fcategories&post=21347"},{"taxonomy":"post_tag","embeddable":true,"href":"https:\/\/2horizontes.com\/index.php?rest_route=%2Fwp%2Fv2%2Ftags&post=21347"}],"curies":[{"name":"wp","href":"https:\/\/api.w.org\/{rel}","templated":true}]}}