{"id":21280,"date":"2015-08-24T15:07:23","date_gmt":"2015-08-24T14:07:23","guid":{"rendered":"http:\/\/2horizontes.com\/?p=21280"},"modified":"2015-08-24T15:09:33","modified_gmt":"2015-08-24T14:09:33","slug":"el-astro-cantautor-y-compositor-ricardo-arjona-pone-a-vibrar-el-palacio-de-los-deportes-en-rd","status":"publish","type":"post","link":"https:\/\/2horizontes.com\/?p=21280","title":{"rendered":"El astro cantautor y compositor Ricardo Arjona pone a vibrar el Palacio de los Deportes en RD"},"content":{"rendered":"<h2 id=\"ArticlePostTitleDiv\" class=\"art_postitulo\">El cantante guatemalteco puso a vibrar el Palacio de los Deportes con un repertorio de canciones que abarc\u00f3 desde su primera hasta su m\u00e1s reciente producci\u00f3n discogr\u00e1fica.<\/h2>\n<p>&nbsp;<\/p>\n<div id=\"ArticleAuthorDiv\" class=\"article-body-author\"><\/div>\n<div id=\"ArticleSourceDiv\" class=\"article-body-author\"><b>Santo Domingo<\/b><\/div>\n<div id=\"ArticleBody\">\n<p>Cuando Margarita P\u00e9rez hizo con su c\u00e9dula de identidad un letrero, quiz\u00e1s no imagin\u00f3 que el m\u00e9todo ser\u00eda totalmente efectivo y que la noche del s\u00e1bado se har\u00eda realidad su sue\u00f1o de abrazar, sentarse en las piernas y hasta besar a su \u00eddolo Ricardo Arjona.<\/p>\n<p>\u201cEstoy soltera, tengo 43, mi hijo no est\u00e1 aqu\u00ed y ando sola\u201d, fueron las preguntas que la santiaguera respondi\u00f3 al cantante al llegar al escenario, pues tras una larga b\u00fasqueda entre se\u00f1as, s\u00faplicas y letreros de fan\u00e1ticas de todas las edades, Arjona parec\u00eda divertirse con las cosas que le\u00eda.<\/p>\n<p>La breve charla entre el guatemalteco y su \u201cdominicana de las cuatro d\u00e9cadas\u201d fue fuera de los micr\u00f3fonos, pero ella narr\u00f3 a LIST\u00cdN DIARIO su experiencia, envidiada por miles de mujeres con el mismo deseo, presentes en el Palacio de los Deportes.<\/p>\n<p><strong>Montaje<\/strong><br \/>\nUna estaci\u00f3n de tren fue el escenario en el que hizo una parada para presentar a Rep\u00fablica Dominicana su \u201cViaje Tour\u201d, y entre escaleras, bancos, maletas y faroles llegaron los m\u00fasicos del int\u00e9rprete de \u201cOlvidarte\u201d para recibirlo.<\/p>\n<p>Desde lo alto de la estructura, un sonriente Arjona apareci\u00f3 en su peculiar \u201cbicicleta de cuatro ruedas y tres altoparlantes\u201d, como le llam\u00f3, en la cual no solo recorre Latinoam\u00e9rica, sino que, dice, va a la luna.<\/p>\n<p>Pese a que la algarab\u00eda y la mala ac\u00fastica del lugar dificultaban apreciar perfecto lo que Arjona cantaba, el int\u00e9rprete de 51 a\u00f1os no dio tregua y tras cinco canciones agarr\u00f3 su maleta, la puso al pie del escenario y se sent\u00f3 en ella para dar saludar a un p\u00fablico rendido a sus pies.<\/p>\n<p>Un repertorio de 20 canciones completas, un mix con cuatro y tres que fueron pedidas por el p\u00fablico cuando el cantante se dispuso a complacer peticiones, es lo que \u201cel flaco\u201d, como es tambi\u00e9n conocido, tra\u00eda en su equipaje: una maleta llena de \u00e9xitos.<\/p>\n<p><strong>Elementos<\/strong><br \/>\nSin duda alguna, Ricardo Arjona hace honor al nombre de su gira. El cantante viaj\u00f3 por toda su trayectoria con cada canci\u00f3n que interpret\u00f3. En cada uno de los \u00e9xitos que llev\u00f3 al escenario del Palacio de los Deportes portaba un elemento que diferenciaba la siguiente de la anterior.<\/p>\n<p>Tocar su guitarra bajo la luz de un farol, un sill\u00f3n para sentarse con \u2018su se\u00f1ora\u2019, burbujas, l\u00e1mparas de mano, aparecer simulando manejar un taxi o subido en el techo de un tren, fueron algunos de los elementos que utiliz\u00f3 el guatemalteco para darle vida propia y diferente a cada interpretaci\u00f3n.<\/p>\n<p><strong>Una maleta de canciones<\/strong><br \/>\nRicardo Arjona no es conocido precisamente por hablar mucho. Sin embargo, no faltaron an\u00e9cdotas ni met\u00e1foras al introducir una que otra canci\u00f3n.<\/p>\n<p>Mientras cantaba \u201cDesnuda\u201d, una fan\u00e1tica lanz\u00f3 una prenda de vestir interior color negra, la cual recogi\u00f3, limit\u00e1ndose a sonre\u00edr. Sin embargo, al momento de bajarse de su taxi para finalizar la canci\u00f3n que grab\u00f3 en el a\u00f1o 1994, decidi\u00f3 personalizarla para el p\u00fablico que ten\u00eda all\u00ed presente.<\/p>\n<p>\u201cHoy vamos a cambiarlo, no siempre tiene que ser rubia. Y la morena para el taxi siempre a las 10 en el mismo lugar\u201d, dijo, provocando m\u00e1s gritos que los que ya hab\u00eda inspirado.<\/p>\n<p><strong>Momento especial<\/strong><\/p>\n<p><a href=\"http:\/\/2horizontes.com\/wp-content\/uploads\/2015\/08\/ar.jpg\"><img loading=\"lazy\" decoding=\"async\" class=\" size-medium wp-image-21283 alignleft\" src=\"http:\/\/2horizontes.com\/wp-content\/uploads\/2015\/08\/ar-300x199.jpg\" alt=\"ar\" width=\"300\" height=\"199\" srcset=\"https:\/\/2horizontes.com\/wp-content\/uploads\/2015\/08\/ar-300x199.jpg 300w, https:\/\/2horizontes.com\/wp-content\/uploads\/2015\/08\/ar-510x339.jpg 510w, https:\/\/2horizontes.com\/wp-content\/uploads\/2015\/08\/ar.jpg 1600w\" sizes=\"auto, (max-width: 300px) 100vw, 300px\" \/><\/a>Otro de los momentos que hizo enloquecer a\u00fan m\u00e1s a la fanaticada se produjo cuando Arjona\u00a0 se sent\u00f3 en un banco a la izquierda de la escenograf\u00eda e invit\u00f3 a Niuver Navarro, su corista, para dar demostraciones de c\u00f3mo se comporta una pareja con el paso de los a\u00f1os. As\u00ed introdujo el flaco \u201cCavern\u00edcolas\u201d, \u201cla canci\u00f3n triste de la parejas supuestamente felices\u201d.<\/p>\n<p>El primer verso fue suficiente para que el p\u00fablico enloqueciera tanto que \u00e9l se detuvo, sonriente: \u201cEsto es lo que me encanta del Caribe\u201d. Y volvi\u00f3 a empezar.<\/p>\n<p><strong>En escena<\/strong><br \/>\nArjona no paraba de moverse, caminar y hasta correr, de un extremo al otro del escenario; no dio tiempo a que la audiencia saliera de su euforia y emoci\u00f3n cantando un disco tras otro. En un momento se hizo de rogar y dej\u00f3 al p\u00fablico pedir m\u00e1s.<\/p>\n<p>Con Navarro sentada en una cama, y \u00e9l de pie, recostado del espaldar de hierro, regres\u00f3 a cantar \u201cFuiste t\u00fa\u201d. En m\u00e1s de una ocasi\u00f3n, Arjona se sent\u00f3 en su maleta, puso el micr\u00f3fono en el piso y se dispuso a escuchar maravillado a un p\u00fablico dominicano que no ten\u00eda ganas de parar.<\/p>\n<p>\u201cVamos a olvidarnos de la producci\u00f3n y todo. Si algo falta por cantar, manifi\u00e9stenlo\u201d, fueron las palabras que m\u00e1s gustaron. Sentado al pie de la tarima, Arjona trataba de entender lo que las fan\u00e1ticas le ped\u00edan, entre lo que logr\u00f3 descifrar \u201cTu reputaci\u00f3n\u201d y \u201cRealmente no estoy tan solo\u201d.<\/p>\n<p>Arjona no desperdici\u00f3 un segundo de las dos horas y cinco minutos que dur\u00f3 en el escenario.\u00a0 Sus cambios de ropa de camisa le tomaban menos de un minuto y su energ\u00eda parec\u00eda alimentarse del entusiasmo y la satisfacci\u00f3n de los presentes.<\/p>\n<p>\u201cMujeres\u201d y \u201cMinutos\u201d, dos \u00e9xitos de 1993 y 2002 respectivamente, completaron la traves\u00eda de Ricardo Arjona.<\/p>\n<p>Un simple \u201cgracias Santo Domingo\u201d, fue suficiente para entristecer a la audiencia. Agarr\u00f3 la maleta en la que lleva consigo sus \u00e9xitos y se subi\u00f3 al tren para continuar su viaje.<\/p>\n<p>La pr\u00f3xima parada, y tercera aqu\u00ed: el viernes 28 de agosto en el mismo Palacio de los Deportes, como parte de la plataforma \u201cVerano Presidente\u201d.<\/p>\n<p><strong>LOS LETREROS PARA ARJONA<\/strong><br \/>\nRicardo Arjona ha creado una tradici\u00f3n en cada presentaci\u00f3n subiendo una cuarentona al escenario. Una manera de ayudarlo a elegir que tienen las fan\u00e1ticas es llevando letreros visibles para el artista.<\/p>\n<p>En esta ocasi\u00f3n no fue diferente, se pod\u00edan leer \u201cAd\u00f3ptame\u201c, \u201cDesde Pensilvania traigo la se\u00f1ora de cuatro d\u00e9cadas\u201c, \u201ctengo 43\u201c, \u201cOlv\u00eddate de que me faltan 10\u201c, \u201cNo puedo esperar nueve m\u00e1s\u201c, \u201cSoy tu se\u00f1ora de las cuatro d\u00e9cadas\u201c, \u201cDe aqu\u00ed a la luna en bicicleta\u201c, \u201cOcupaci\u00f3n: Se\u00f1ora de las cuatro d\u00e9cadas de Arjona\u201c, \u201cSube a esta 10 a\u00f1os menor\u201c, \u201cQu\u00e9 es lo que tengo que hacer Arjona, para ver si se enamora\u201c, entre otros.<\/p>\n<p>Sin duda, la idea de llevar un documento de identidad del tama\u00f1o de un cartel fue la m\u00e1s sobresaliente. En su mayor\u00eda, con infomaciones editadas y fotos posadas.<\/p>\n<p>Sin embargo, la santiaguera Margarita P\u00e9rez prefiri\u00f3 no arriesgarse y llevar su c\u00e9dula tal cual, y por si las dudas, ten\u00eda su documento de identidad original consigo al momento de ser llevada a la tarima.<\/p>\n<\/div>\n","protected":false},"excerpt":{"rendered":"<p>El cantante guatemalteco puso a vibrar el Palacio de los Deportes con un repertorio de canciones que abarc\u00f3 desde su primera hasta su m\u00e1s reciente producci\u00f3n discogr\u00e1fica. &nbsp; Santo Domingo Cuando Margarita P\u00e9rez hizo con su c\u00e9dula de identidad un letrero, quiz\u00e1s no imagin\u00f3 que el m\u00e9todo ser\u00eda totalmente efectivo y que la noche del [&hellip;]<\/p>\n","protected":false},"author":4,"featured_media":21281,"comment_status":"open","ping_status":"open","sticky":false,"template":"","format":"standard","meta":{"footnotes":""},"categories":[1,44],"tags":[],"class_list":["post-21280","post","type-post","status-publish","format-standard","has-post-thumbnail","hentry","category-entretenimiento","category-republica-dominicana"],"_links":{"self":[{"href":"https:\/\/2horizontes.com\/index.php?rest_route=\/wp\/v2\/posts\/21280","targetHints":{"allow":["GET"]}}],"collection":[{"href":"https:\/\/2horizontes.com\/index.php?rest_route=\/wp\/v2\/posts"}],"about":[{"href":"https:\/\/2horizontes.com\/index.php?rest_route=\/wp\/v2\/types\/post"}],"author":[{"embeddable":true,"href":"https:\/\/2horizontes.com\/index.php?rest_route=\/wp\/v2\/users\/4"}],"replies":[{"embeddable":true,"href":"https:\/\/2horizontes.com\/index.php?rest_route=%2Fwp%2Fv2%2Fcomments&post=21280"}],"version-history":[{"count":3,"href":"https:\/\/2horizontes.com\/index.php?rest_route=\/wp\/v2\/posts\/21280\/revisions"}],"predecessor-version":[{"id":21285,"href":"https:\/\/2horizontes.com\/index.php?rest_route=\/wp\/v2\/posts\/21280\/revisions\/21285"}],"wp:featuredmedia":[{"embeddable":true,"href":"https:\/\/2horizontes.com\/index.php?rest_route=\/wp\/v2\/media\/21281"}],"wp:attachment":[{"href":"https:\/\/2horizontes.com\/index.php?rest_route=%2Fwp%2Fv2%2Fmedia&parent=21280"}],"wp:term":[{"taxonomy":"category","embeddable":true,"href":"https:\/\/2horizontes.com\/index.php?rest_route=%2Fwp%2Fv2%2Fcategories&post=21280"},{"taxonomy":"post_tag","embeddable":true,"href":"https:\/\/2horizontes.com\/index.php?rest_route=%2Fwp%2Fv2%2Ftags&post=21280"}],"curies":[{"name":"wp","href":"https:\/\/api.w.org\/{rel}","templated":true}]}}