{"id":21277,"date":"2015-08-24T14:58:38","date_gmt":"2015-08-24T13:58:38","guid":{"rendered":"http:\/\/2horizontes.com\/?p=21277"},"modified":"2015-08-24T14:59:24","modified_gmt":"2015-08-24T13:59:24","slug":"dominicano-valera-conquista-la-faja-semipesada-amb","status":"publish","type":"post","link":"https:\/\/2horizontes.com\/?p=21277","title":{"rendered":"Dominicano Valera conquista la faja semipesada AMB"},"content":{"rendered":"<div id=\"ArticleSourceDiv\" class=\"article-body-author\"><b>Santo Domingo<\/b><\/div>\n<div id=\"ArticleBody\">\n<p>El invicto peso semipesado dominicano F\u00e9lix \u201cMang\u00fa\u201d Valera sorprendi\u00f3 al ruso Stanislav Kashtanov en un re\u00f1ido combate que le dej\u00f3 con la corona semipesada interina de la Asociaci\u00f3n Mundial de Boxeo (AMB).<\/p>\n<p>La pelea se realiz\u00f3 ayer tarde en el Rixos Mriya Resort Hotel, de Yalta, Crimea, regi\u00f3n perteneciente a Rusia.<\/p>\n<p>Valera, quien subi\u00f3 al entablado con marca de 12-0 con igual n\u00famero de nocauts, mantuvo un ritmo inteligente de pelea, logrando puntos en contragolpes y en la distancia larga ante los aguerridos ataques de su rival ruso, Kashtanov.<\/p>\n<p>La informaci\u00f3n la sirvi\u00f3 Lennin Fern\u00e1ndez, apoderado del nuevo campe\u00f3n dominicano, quien obtuvo la victoria en dos de las tres tarjetas con puntuaci\u00f3n de 115-113 y116-112, mientras un tercero lo vio caer 117-111.<\/p>\n<p>\u201cHemos hecho historia con esta corona y tengo que darle las gracias de inmediato al equipo del entrenador \u00c1ngel Castillo (Chicho), mi esposa B\u00e9lgica Pe\u00f1a, la promotora de Nelson, De esta manera, Valera de 27 a\u00f1os y ex miembro de la selecci\u00f3n nacional de boxeo, se convierte en el campe\u00f3n dominicano m\u00e1s pesado, con la faja de las 175 AMB, superando a Julio Cesar Green, quien reino en dos ocasiones en las 160 libras.<\/p>\n<p>En la actualidad la Rep\u00fablica Dominicana posee tres campeones del mundo: Valera, el peso gallo Juan Carlos Payano; y el monarca ligero junior Javier Fortuna, todos reyes de la AMB.<\/p>\n<\/div>\n","protected":false},"excerpt":{"rendered":"<p>Santo Domingo El invicto peso semipesado dominicano F\u00e9lix \u201cMang\u00fa\u201d Valera sorprendi\u00f3 al ruso Stanislav Kashtanov en un re\u00f1ido combate que le dej\u00f3 con la corona semipesada interina de la Asociaci\u00f3n Mundial de Boxeo (AMB). La pelea se realiz\u00f3 ayer tarde en el Rixos Mriya Resort Hotel, de Yalta, Crimea, regi\u00f3n perteneciente a Rusia. Valera, quien [&hellip;]<\/p>\n","protected":false},"author":4,"featured_media":21278,"comment_status":"open","ping_status":"open","sticky":false,"template":"","format":"standard","meta":{"footnotes":""},"categories":[42,44],"tags":[],"class_list":["post-21277","post","type-post","status-publish","format-standard","has-post-thumbnail","hentry","category-deportes","category-republica-dominicana"],"_links":{"self":[{"href":"https:\/\/2horizontes.com\/index.php?rest_route=\/wp\/v2\/posts\/21277","targetHints":{"allow":["GET"]}}],"collection":[{"href":"https:\/\/2horizontes.com\/index.php?rest_route=\/wp\/v2\/posts"}],"about":[{"href":"https:\/\/2horizontes.com\/index.php?rest_route=\/wp\/v2\/types\/post"}],"author":[{"embeddable":true,"href":"https:\/\/2horizontes.com\/index.php?rest_route=\/wp\/v2\/users\/4"}],"replies":[{"embeddable":true,"href":"https:\/\/2horizontes.com\/index.php?rest_route=%2Fwp%2Fv2%2Fcomments&post=21277"}],"version-history":[{"count":1,"href":"https:\/\/2horizontes.com\/index.php?rest_route=\/wp\/v2\/posts\/21277\/revisions"}],"predecessor-version":[{"id":21279,"href":"https:\/\/2horizontes.com\/index.php?rest_route=\/wp\/v2\/posts\/21277\/revisions\/21279"}],"wp:featuredmedia":[{"embeddable":true,"href":"https:\/\/2horizontes.com\/index.php?rest_route=\/wp\/v2\/media\/21278"}],"wp:attachment":[{"href":"https:\/\/2horizontes.com\/index.php?rest_route=%2Fwp%2Fv2%2Fmedia&parent=21277"}],"wp:term":[{"taxonomy":"category","embeddable":true,"href":"https:\/\/2horizontes.com\/index.php?rest_route=%2Fwp%2Fv2%2Fcategories&post=21277"},{"taxonomy":"post_tag","embeddable":true,"href":"https:\/\/2horizontes.com\/index.php?rest_route=%2Fwp%2Fv2%2Ftags&post=21277"}],"curies":[{"name":"wp","href":"https:\/\/api.w.org\/{rel}","templated":true}]}}