{"id":2126,"date":"2014-09-22T11:00:51","date_gmt":"2014-09-22T11:00:51","guid":{"rendered":"http:\/\/2horizontes.com\/?p=2126"},"modified":"2014-09-22T11:00:51","modified_gmt":"2014-09-22T11:00:51","slug":"mas-de-130-000-huyen-a-turquia-por-el-estado-islamico","status":"publish","type":"post","link":"https:\/\/2horizontes.com\/?p=2126","title":{"rendered":"M\u00e1s de 130.000 huyen a Turqu\u00eda por el Estado Isl\u00e1mico"},"content":{"rendered":"<p><a href=\"http:\/\/2horizontes.com\/wp-content\/uploads\/2014\/09\/Kadir-Celikcan-Reuters-dw.jpg\"><img loading=\"lazy\" decoding=\"async\" src=\"http:\/\/2horizontes.com\/wp-content\/uploads\/2014\/09\/Kadir-Celikcan-Reuters-dw-300x168.jpg\" alt=\"Kadir-Celikcan-Reuters-dw\" width=\"300\" height=\"168\" class=\"alignleft size-medium wp-image-2127\" srcset=\"https:\/\/2horizontes.com\/wp-content\/uploads\/2014\/09\/Kadir-Celikcan-Reuters-dw-300x168.jpg 300w, https:\/\/2horizontes.com\/wp-content\/uploads\/2014\/09\/Kadir-Celikcan-Reuters-dw-510x287.jpg 510w, https:\/\/2horizontes.com\/wp-content\/uploads\/2014\/09\/Kadir-Celikcan-Reuters-dw-624x351.jpg 624w, https:\/\/2horizontes.com\/wp-content\/uploads\/2014\/09\/Kadir-Celikcan-Reuters-dw.jpg 700w\" sizes=\"auto, (max-width: 300px) 100vw, 300px\" \/><\/a><\/p>\n<p>Kurdist\u00e0n.-M\u00e1s de 130.000 kurdos han llegado a Turqu\u00eda procedentes de Siria en los \u00faltimos tres d\u00edas por el avance en este pa\u00eds de la milicia yihadista Estado Isl\u00e1mico (EI), seg\u00fan ha confirmado el viceprimer ministro turco, Numan Kurtulmus. La cifra supera as\u00ed los 100.000 desplazados que hab\u00eda calculado el Alto Comisionado de Naciones Unidas para los Refugiados (ACNUR). El Gobierno turco, por su parte, ha comenzado a cerrar algunos de controles fronterizos con el Kurdist\u00e1n sirio, seg\u00fan informa la BBC. <\/p>\n<p>\u00abEstamos preparados para el peor escenario, que supondr\u00eda la llegada de cientos de miles de refugiados\u00bb, se\u00f1al\u00f3 Kurtulmus, quien tambi\u00e9n advirti\u00f3 de que esta cifra puede seguir aumentando en los pr\u00f3ximos d\u00edas. Seg\u00fan sus c\u00e1lculos, unas 450.000 personas viven en la regi\u00f3n siria lim\u00edtrofe con el pa\u00eds otomano, y muchos de ellos pueden convertirse en desplazados por la presi\u00f3n de los yihadistas. \u00abAlgunos se ir\u00e1n a otras partes de Siria, pero puede que cientos de miles vengan a Turqu\u00eda. Hay una fuerza incontrolable que ataca a civiles\u00bb, a\u00f1adi\u00f3 Kurtulmus.<\/p>\n<p>Los extremistas del EI, que controlan un tercio de Irak y Siria, se han hecho con 64 pueblos en el Kurdist\u00e1n sirio en las pasadas semanas, y se encuentran muy cerca de Ayn el Arab (Kobane, en kurdo, la tercera mayor ciudad kurda en Siria), situada justo en la frontera con Turqu\u00eda. En su ofensiva, los yihadistas han mostrado que est\u00e1n en posesi\u00f3n de artiller\u00eda pesada y tanques, mientras que los milicianos kurdos sirios cuentan con poco m\u00e1s que armas ligeras.<\/p>\n","protected":false},"excerpt":{"rendered":"<p>Kurdist\u00e0n.-M\u00e1s de 130.000 kurdos han llegado a Turqu\u00eda procedentes de Siria en los \u00faltimos tres d\u00edas por el avance en este pa\u00eds de la milicia yihadista Estado Isl\u00e1mico (EI), seg\u00fan ha confirmado el viceprimer ministro turco, Numan Kurtulmus. La cifra supera as\u00ed los 100.000 desplazados que hab\u00eda calculado el Alto Comisionado de Naciones Unidas para [&hellip;]<\/p>\n","protected":false},"author":1,"featured_media":0,"comment_status":"open","ping_status":"open","sticky":false,"template":"","format":"standard","meta":{"footnotes":""},"categories":[1],"tags":[],"class_list":["post-2126","post","type-post","status-publish","format-standard","hentry","category-entretenimiento"],"_links":{"self":[{"href":"https:\/\/2horizontes.com\/index.php?rest_route=\/wp\/v2\/posts\/2126","targetHints":{"allow":["GET"]}}],"collection":[{"href":"https:\/\/2horizontes.com\/index.php?rest_route=\/wp\/v2\/posts"}],"about":[{"href":"https:\/\/2horizontes.com\/index.php?rest_route=\/wp\/v2\/types\/post"}],"author":[{"embeddable":true,"href":"https:\/\/2horizontes.com\/index.php?rest_route=\/wp\/v2\/users\/1"}],"replies":[{"embeddable":true,"href":"https:\/\/2horizontes.com\/index.php?rest_route=%2Fwp%2Fv2%2Fcomments&post=2126"}],"version-history":[{"count":1,"href":"https:\/\/2horizontes.com\/index.php?rest_route=\/wp\/v2\/posts\/2126\/revisions"}],"predecessor-version":[{"id":2128,"href":"https:\/\/2horizontes.com\/index.php?rest_route=\/wp\/v2\/posts\/2126\/revisions\/2128"}],"wp:attachment":[{"href":"https:\/\/2horizontes.com\/index.php?rest_route=%2Fwp%2Fv2%2Fmedia&parent=2126"}],"wp:term":[{"taxonomy":"category","embeddable":true,"href":"https:\/\/2horizontes.com\/index.php?rest_route=%2Fwp%2Fv2%2Fcategories&post=2126"},{"taxonomy":"post_tag","embeddable":true,"href":"https:\/\/2horizontes.com\/index.php?rest_route=%2Fwp%2Fv2%2Ftags&post=2126"}],"curies":[{"name":"wp","href":"https:\/\/api.w.org\/{rel}","templated":true}]}}