{"id":21183,"date":"2015-08-21T18:56:34","date_gmt":"2015-08-21T17:56:34","guid":{"rendered":"http:\/\/2horizontes.com\/?p=21183"},"modified":"2015-08-21T18:56:34","modified_gmt":"2015-08-21T17:56:34","slug":"hartos-de-van-gaal","status":"publish","type":"post","link":"https:\/\/2horizontes.com\/?p=21183","title":{"rendered":"Hartos de Van Gaal"},"content":{"rendered":"<p>David de Gea vive sus peores d\u00edas como jugador profesional. Fuera de la rutina habitual del equipo, relegado a la grada de manera sistem\u00e1tica, ignorado por Van Gaal, se\u00f1alado por un sector de la afici\u00f3n del United por culpa de su entrenador y, sobre todo, angustiado por el paso de los d\u00edas sin que se concrete su futuro, el verano del portero espa\u00f1ol est\u00e1 siendo de todo menos pl\u00e1cido.<\/p>\n<p>Cuando finaliz\u00f3 la temporada pasada, De Gea abandon\u00f3 M\u00e1nchester con la idea de no volver. Estaba convencido de que su fichaje se gestar\u00eda en los primeros d\u00edas del mes de junio y que empezar\u00eda la pretemporada con el Real Madrid.<\/p>\n<p>No contaba con el total bloqueo de su entrenador y del director general, Ed Woodward, los mismos que le dieron largas cuando Jorge Mendes, en el mes de enero, llamaba a la puerta para empezar a tratar la renovaci\u00f3n.<\/p>\n<p>De Gea no olvida que las ofertas que le ha puesto el United encima de la mesa s\u00f3lo han llegado cuando el Madrid se lanz\u00f3 a por \u00e9l. Antes de eso, y pese a ser durante dos a\u00f1os el mejor portero de la Premier, ni una llamada para tratar una mejora de contrato, pese a que es uno de los jugadores con la ficha m\u00e1s baja del equipo.<\/p>\n<p>El portero espa\u00f1ol siempre ha tenido la sospecha de que detr\u00e1s de las largas que le ha venido dando el United hasta la irrupci\u00f3n del Real Madrid ven\u00edan motivadas por Louis van Gaal, que nunca se ha declarado un enamorado de De Gea. Por eso fich\u00f3 a V\u00edctor Vald\u00e9s en el pasado mercado de invierno. David no le convenc\u00eda y por eso prob\u00f3 con el ex del Barcelona, con el que, para variar, tambi\u00e9n ha terminado mal.<\/p>\n<p>Molesto con Van Gaal<\/p>\n<p>Por todo esto, De Gea no entiende ahora que Van Gaal no le deje salir de una manera amistosa. \u00ab\u00bfSi no me quer\u00eda antes, por qu\u00e9 no deja que me vaya?\u00bb, confiesa el portero a los suyos y a sus mejores amigos del vestuario, que tambi\u00e9n est\u00e1n sufriendo viendo la situaci\u00f3n por la que pasa David.<\/p>\n","protected":false},"excerpt":{"rendered":"<p>David de Gea vive sus peores d\u00edas como jugador profesional. Fuera de la rutina habitual del equipo, relegado a la grada de manera sistem\u00e1tica, ignorado por Van Gaal, se\u00f1alado por un sector de la afici\u00f3n del United por culpa de su entrenador y, sobre todo, angustiado por el paso de los d\u00edas sin que se [&hellip;]<\/p>\n","protected":false},"author":3,"featured_media":21184,"comment_status":"open","ping_status":"open","sticky":false,"template":"","format":"standard","meta":{"footnotes":""},"categories":[42],"tags":[],"class_list":["post-21183","post","type-post","status-publish","format-standard","has-post-thumbnail","hentry","category-deportes"],"_links":{"self":[{"href":"https:\/\/2horizontes.com\/index.php?rest_route=\/wp\/v2\/posts\/21183","targetHints":{"allow":["GET"]}}],"collection":[{"href":"https:\/\/2horizontes.com\/index.php?rest_route=\/wp\/v2\/posts"}],"about":[{"href":"https:\/\/2horizontes.com\/index.php?rest_route=\/wp\/v2\/types\/post"}],"author":[{"embeddable":true,"href":"https:\/\/2horizontes.com\/index.php?rest_route=\/wp\/v2\/users\/3"}],"replies":[{"embeddable":true,"href":"https:\/\/2horizontes.com\/index.php?rest_route=%2Fwp%2Fv2%2Fcomments&post=21183"}],"version-history":[{"count":1,"href":"https:\/\/2horizontes.com\/index.php?rest_route=\/wp\/v2\/posts\/21183\/revisions"}],"predecessor-version":[{"id":21185,"href":"https:\/\/2horizontes.com\/index.php?rest_route=\/wp\/v2\/posts\/21183\/revisions\/21185"}],"wp:featuredmedia":[{"embeddable":true,"href":"https:\/\/2horizontes.com\/index.php?rest_route=\/wp\/v2\/media\/21184"}],"wp:attachment":[{"href":"https:\/\/2horizontes.com\/index.php?rest_route=%2Fwp%2Fv2%2Fmedia&parent=21183"}],"wp:term":[{"taxonomy":"category","embeddable":true,"href":"https:\/\/2horizontes.com\/index.php?rest_route=%2Fwp%2Fv2%2Fcategories&post=21183"},{"taxonomy":"post_tag","embeddable":true,"href":"https:\/\/2horizontes.com\/index.php?rest_route=%2Fwp%2Fv2%2Ftags&post=21183"}],"curies":[{"name":"wp","href":"https:\/\/api.w.org\/{rel}","templated":true}]}}