{"id":21158,"date":"2015-08-21T18:07:16","date_gmt":"2015-08-21T17:07:16","guid":{"rendered":"http:\/\/2horizontes.com\/?p=21158"},"modified":"2015-08-21T18:07:16","modified_gmt":"2015-08-21T17:07:16","slug":"el-pp-advierte-que-los-aliados-de-tsipras-en-espana-son-los-amigos-de-podemos","status":"publish","type":"post","link":"https:\/\/2horizontes.com\/?p=21158","title":{"rendered":"El PP advierte que los aliados de Tsipras en Espa\u00f1a son los \u00abamigos de Podemos"},"content":{"rendered":"<p>La vicesecretaria de Estudios y Programas del PP, Andrea Levy, ha alertado de \u00ablos amigos\u00bb del ex primer ministro griego, Alexis Tsipras, en Espa\u00f1a, \u00abque son los amigos de Podemos\u00bb, al mismo tiempo que ha denunciado que el l\u00edder del PSOE, Pedro S\u00e1nchez, est\u00e1 \u00ababsolutamente arrodillado\u00bb ante la formaci\u00f3n morada.<\/p>\n<p>En declaraciones a Onda Cero recogidas por Europa Press, ha afirmado que la dimisi\u00f3n de Tsipras y la convocatoria de elecciones en el pa\u00eds heleno demuestra que el Gobierno de Syriza ha sido un \u00abfracaso\u00bb. A su juicio, el Gobierno de \u00abizquierda radical populista\u00bb ha generado \u00abm\u00e1s inestabilidad\u00bb en Grecia a pesar de que en un principio prometi\u00f3 una pol\u00edtica \u00abdistinta\u00bb.<\/p>\n<p>As\u00ed, ha advertido de que estas fuerzas pol\u00edticas \u00abque prometen cambios\u00bb, \u00ablo \u00fanico\u00bb que pretenden es \u00abregresar al pasado\u00bb. Seg\u00fan ha asegurado, desde que el partido de izquierdas Syriza est\u00e1 en el poder se ha disparado la prima de riesgo y el pa\u00eds ha experimentado una \u00abnueva recesi\u00f3n\u00bb.<\/p>\n<p>Es un fracaso de aquellos que proponen cosas sin tener sentido de responsabilidad\u00bb, ha se\u00f1alado, recalcando que en el marco del proyecto europeo \u00abde solidaridad\u00bb por parte de los estados miembros se esperan Gobiernos \u00abresponsables\u00bb.<\/p>\n<p>En concreto, se ha referido a pa\u00edses como Irlanda, Portugal o Espa\u00f1a en los que los gobiernos tuvieron que tomar decisiones \u00abantip\u00e1ticas\u00bb pero que, gracias a estas medidas, ahora est\u00e1n creciendo y generando empleo.<\/p>\n<p>PSOE Y PODEMOS, \u00abUN RIESGO\u00bb<\/p>\n<p>En clave nacional, la dirigente &#8216;popular&#8217; ha advertido de que si el PSOE y Podemos pactan tras las elecciones generales de finales de a\u00f1o y finalmente forman Gobierno, existe un \u00abriesgo de cambio hacia el pasado\u00bb, hacia las pol\u00edticas que \u00abllevaron a Espa\u00f1a a la crisis\u00bb del expresidente socialista Jos\u00e9 Luis Rodr\u00edguez Zapatero.<\/p>\n<p>En este sentido, ha pedido al PSOE \u00abresponsabilidad\u00bb y que d\u00e9 un giro hacia la \u00abmoderaci\u00f3n y centralidad\u00bb aunque, eso s\u00ed, ha asegurado que no la ve el jefe de la oposici\u00f3n, Pedro S\u00e1nchez.<\/p>\n<p>PODEMOS RESPALDA A TSIPRAS<\/p>\n<p>El secretario de Relaciones Internacionales de Podemos, Pablo Bustinduy, ha confirmado este viernes que su formaci\u00f3n sigue apoyando a Syriza y al ex primer ministro griego, Alexis Tsipras, y ha respaldado su decisi\u00f3n de dimitir y convocar nuevas elecciones: \u00abEs un ejemplo de coherencia democr\u00e1tica\u00bb.<\/p>\n","protected":false},"excerpt":{"rendered":"<p>La vicesecretaria de Estudios y Programas del PP, Andrea Levy, ha alertado de \u00ablos amigos\u00bb del ex primer ministro griego, Alexis Tsipras, en Espa\u00f1a, \u00abque son los amigos de Podemos\u00bb, al mismo tiempo que ha denunciado que el l\u00edder del PSOE, Pedro S\u00e1nchez, est\u00e1 \u00ababsolutamente arrodillado\u00bb ante la formaci\u00f3n morada. En declaraciones a Onda Cero [&hellip;]<\/p>\n","protected":false},"author":3,"featured_media":21159,"comment_status":"open","ping_status":"open","sticky":false,"template":"","format":"standard","meta":{"footnotes":""},"categories":[85,43],"tags":[],"class_list":["post-21158","post","type-post","status-publish","format-standard","has-post-thumbnail","hentry","category-espana","category-politica"],"_links":{"self":[{"href":"https:\/\/2horizontes.com\/index.php?rest_route=\/wp\/v2\/posts\/21158","targetHints":{"allow":["GET"]}}],"collection":[{"href":"https:\/\/2horizontes.com\/index.php?rest_route=\/wp\/v2\/posts"}],"about":[{"href":"https:\/\/2horizontes.com\/index.php?rest_route=\/wp\/v2\/types\/post"}],"author":[{"embeddable":true,"href":"https:\/\/2horizontes.com\/index.php?rest_route=\/wp\/v2\/users\/3"}],"replies":[{"embeddable":true,"href":"https:\/\/2horizontes.com\/index.php?rest_route=%2Fwp%2Fv2%2Fcomments&post=21158"}],"version-history":[{"count":1,"href":"https:\/\/2horizontes.com\/index.php?rest_route=\/wp\/v2\/posts\/21158\/revisions"}],"predecessor-version":[{"id":21160,"href":"https:\/\/2horizontes.com\/index.php?rest_route=\/wp\/v2\/posts\/21158\/revisions\/21160"}],"wp:featuredmedia":[{"embeddable":true,"href":"https:\/\/2horizontes.com\/index.php?rest_route=\/wp\/v2\/media\/21159"}],"wp:attachment":[{"href":"https:\/\/2horizontes.com\/index.php?rest_route=%2Fwp%2Fv2%2Fmedia&parent=21158"}],"wp:term":[{"taxonomy":"category","embeddable":true,"href":"https:\/\/2horizontes.com\/index.php?rest_route=%2Fwp%2Fv2%2Fcategories&post=21158"},{"taxonomy":"post_tag","embeddable":true,"href":"https:\/\/2horizontes.com\/index.php?rest_route=%2Fwp%2Fv2%2Ftags&post=21158"}],"curies":[{"name":"wp","href":"https:\/\/api.w.org\/{rel}","templated":true}]}}