{"id":21125,"date":"2015-08-21T15:55:47","date_gmt":"2015-08-21T14:55:47","guid":{"rendered":"http:\/\/2horizontes.com\/?p=21125"},"modified":"2015-08-21T15:55:47","modified_gmt":"2015-08-21T14:55:47","slug":"dominicanos-y-haitianos-entre-21-000-detenidos-en-ecuador-por-varios-delitos","status":"publish","type":"post","link":"https:\/\/2horizontes.com\/?p=21125","title":{"rendered":"Dominicanos y haitianos entre 21.000 detenidos en Ecuador por varios delitos"},"content":{"rendered":"<div id=\"ArticleAuthorDiv\" class=\"article-body-author\"><b>EFE<\/b><\/div>\n<div id=\"ArticleSourceDiv\" class=\"article-body-author\"><b>Quito<\/b><\/div>\n<div id=\"ArticleBody\">\n<p>M\u00e1s de 21.000 personas, la mayor\u00eda ecuatorianas, han sido detenidas en ese pa\u00eds andino en los primeros siete meses de 2015, vinculadas a la comisi\u00f3n de diferentes delitos, inform\u00f3 ayer el Ministerio del Interior en su cuenta de Twitter.<\/p>\n<p>Seg\u00fan esa instituci\u00f3n, entre enero y julio pasados, la Polic\u00eda Judicial e Investigaciones captur\u00f3 a 21.473 ciudadanos, que representa un 25,10 % m\u00e1s de lo registrado en 2014.<\/p>\n<p>Como resultado de los operativos para frenar a la delincuencia, la Polic\u00eda Judicial identific\u00f3 a los presuntos responsables, implicados en hechos que van desde robo a personas, violencia intrafamiliar, tenencia y porte de armas, robo a domicilios, hasta homicidios, secuestros, sicariato, feminicidio, entre otros.<\/p>\n<p>En los distritos metropolitanos de Guayaquil, Quito y en la provincia de Manab\u00ed, se registr\u00f3 el mayor n\u00famero de capturas con 4.312, 3.559 y 1.617, respectivamente.<\/p>\n<p>Del total de aprehendidos, el 95,78 % son ecuatorianos (20.567) y el 2,87 % colombianos (617), indica el Ministerio en su web.<\/p>\n<p>Tambi\u00e9n se detuvo a ciudadanos de Per\u00fa, Cuba, Hait\u00ed, China, Venezuela, Espa\u00f1a, M\u00e9xico, Italia, Camer\u00fan, Argentina, Rep\u00fablica Dominicana, Ghanesa, Bangladesh, Chile, Estados Unidos, Polonia, Gran Breta\u00f1a, Francia, India, Nigeria, Rusia, Sud\u00e1frica, Argelia, Azerbaij\u00e1n, Guatemala, Hungr\u00eda, Israel, Libano, Siria y Turqu\u00eda.<\/p>\n<p>Por tipo de delito, indic\u00f3 el Ministerio, en primer lugar se colocan los 3.032 detenidos por robo a personas.<\/p>\n<p>Tambi\u00e9n hubo detenciones por acoso sexual, tr\u00e1fico il\u00edcito de migrantes, trata de personas y lavado de activos, entre otros.<\/p>\n<\/div>\n","protected":false},"excerpt":{"rendered":"<p>EFE Quito M\u00e1s de 21.000 personas, la mayor\u00eda ecuatorianas, han sido detenidas en ese pa\u00eds andino en los primeros siete meses de 2015, vinculadas a la comisi\u00f3n de diferentes delitos, inform\u00f3 ayer el Ministerio del Interior en su cuenta de Twitter. Seg\u00fan esa instituci\u00f3n, entre enero y julio pasados, la Polic\u00eda Judicial e Investigaciones captur\u00f3 [&hellip;]<\/p>\n","protected":false},"author":7,"featured_media":21126,"comment_status":"open","ping_status":"open","sticky":false,"template":"","format":"standard","meta":{"footnotes":""},"categories":[54,47,40,44],"tags":[],"class_list":["post-21125","post","type-post","status-publish","format-standard","has-post-thumbnail","hentry","category-emigrantes","category-haiti","category-internacionales","category-republica-dominicana"],"_links":{"self":[{"href":"https:\/\/2horizontes.com\/index.php?rest_route=\/wp\/v2\/posts\/21125","targetHints":{"allow":["GET"]}}],"collection":[{"href":"https:\/\/2horizontes.com\/index.php?rest_route=\/wp\/v2\/posts"}],"about":[{"href":"https:\/\/2horizontes.com\/index.php?rest_route=\/wp\/v2\/types\/post"}],"author":[{"embeddable":true,"href":"https:\/\/2horizontes.com\/index.php?rest_route=\/wp\/v2\/users\/7"}],"replies":[{"embeddable":true,"href":"https:\/\/2horizontes.com\/index.php?rest_route=%2Fwp%2Fv2%2Fcomments&post=21125"}],"version-history":[{"count":1,"href":"https:\/\/2horizontes.com\/index.php?rest_route=\/wp\/v2\/posts\/21125\/revisions"}],"predecessor-version":[{"id":21127,"href":"https:\/\/2horizontes.com\/index.php?rest_route=\/wp\/v2\/posts\/21125\/revisions\/21127"}],"wp:featuredmedia":[{"embeddable":true,"href":"https:\/\/2horizontes.com\/index.php?rest_route=\/wp\/v2\/media\/21126"}],"wp:attachment":[{"href":"https:\/\/2horizontes.com\/index.php?rest_route=%2Fwp%2Fv2%2Fmedia&parent=21125"}],"wp:term":[{"taxonomy":"category","embeddable":true,"href":"https:\/\/2horizontes.com\/index.php?rest_route=%2Fwp%2Fv2%2Fcategories&post=21125"},{"taxonomy":"post_tag","embeddable":true,"href":"https:\/\/2horizontes.com\/index.php?rest_route=%2Fwp%2Fv2%2Ftags&post=21125"}],"curies":[{"name":"wp","href":"https:\/\/api.w.org\/{rel}","templated":true}]}}