{"id":21057,"date":"2015-08-20T19:37:15","date_gmt":"2015-08-20T18:37:15","guid":{"rendered":"http:\/\/2horizontes.com\/?p=21057"},"modified":"2015-08-20T19:37:15","modified_gmt":"2015-08-20T18:37:15","slug":"belen-esteban-y-miguel-pillados-paseando-juntos-por-santiago-de-compostela","status":"publish","type":"post","link":"https:\/\/2horizontes.com\/?p=21057","title":{"rendered":"Bel\u00e9n Esteban y Miguel, pillados paseando juntos por Santiago de Compostela"},"content":{"rendered":"<p>Los colaboradores hablan de su compa\u00f1era Bel\u00e9n Esteban y su relaci\u00f3n con su expareja \u2018El Miguel\u2019. Han aparecido unas fotograf\u00edas de ambos paseando por las tierras gallegas. Mar\u00eda Pati\u00f1o comentaba al respecto: \u201cYo no quiero contar lo que se pero la relaci\u00f3n va por buen camino\u201d.<\/p>\n<p>En &#8216;S\u00e1lvame&#8217; hemos pillado a Bel\u00e9n Esteban paseando con su ex, &#8216;El Miguel&#8217;, por Santiago de Compostela. Dos testigos, uno de ellos el due\u00f1o de un restaurante donde cenaron, relatan c\u00f3mo fue su estancia y en qu\u00e9 actitud estaban.<\/p>\n","protected":false},"excerpt":{"rendered":"<p>Los colaboradores hablan de su compa\u00f1era Bel\u00e9n Esteban y su relaci\u00f3n con su expareja \u2018El Miguel\u2019. Han aparecido unas fotograf\u00edas de ambos paseando por las tierras gallegas. Mar\u00eda Pati\u00f1o comentaba al respecto: \u201cYo no quiero contar lo que se pero la relaci\u00f3n va por buen camino\u201d. En &#8216;S\u00e1lvame&#8217; hemos pillado a Bel\u00e9n Esteban paseando con [&hellip;]<\/p>\n","protected":false},"author":3,"featured_media":21058,"comment_status":"open","ping_status":"open","sticky":false,"template":"","format":"standard","meta":{"footnotes":""},"categories":[1],"tags":[],"class_list":["post-21057","post","type-post","status-publish","format-standard","has-post-thumbnail","hentry","category-entretenimiento"],"_links":{"self":[{"href":"https:\/\/2horizontes.com\/index.php?rest_route=\/wp\/v2\/posts\/21057","targetHints":{"allow":["GET"]}}],"collection":[{"href":"https:\/\/2horizontes.com\/index.php?rest_route=\/wp\/v2\/posts"}],"about":[{"href":"https:\/\/2horizontes.com\/index.php?rest_route=\/wp\/v2\/types\/post"}],"author":[{"embeddable":true,"href":"https:\/\/2horizontes.com\/index.php?rest_route=\/wp\/v2\/users\/3"}],"replies":[{"embeddable":true,"href":"https:\/\/2horizontes.com\/index.php?rest_route=%2Fwp%2Fv2%2Fcomments&post=21057"}],"version-history":[{"count":1,"href":"https:\/\/2horizontes.com\/index.php?rest_route=\/wp\/v2\/posts\/21057\/revisions"}],"predecessor-version":[{"id":21059,"href":"https:\/\/2horizontes.com\/index.php?rest_route=\/wp\/v2\/posts\/21057\/revisions\/21059"}],"wp:featuredmedia":[{"embeddable":true,"href":"https:\/\/2horizontes.com\/index.php?rest_route=\/wp\/v2\/media\/21058"}],"wp:attachment":[{"href":"https:\/\/2horizontes.com\/index.php?rest_route=%2Fwp%2Fv2%2Fmedia&parent=21057"}],"wp:term":[{"taxonomy":"category","embeddable":true,"href":"https:\/\/2horizontes.com\/index.php?rest_route=%2Fwp%2Fv2%2Fcategories&post=21057"},{"taxonomy":"post_tag","embeddable":true,"href":"https:\/\/2horizontes.com\/index.php?rest_route=%2Fwp%2Fv2%2Ftags&post=21057"}],"curies":[{"name":"wp","href":"https:\/\/api.w.org\/{rel}","templated":true}]}}