{"id":21051,"date":"2015-08-20T18:40:48","date_gmt":"2015-08-20T17:40:48","guid":{"rendered":"http:\/\/2horizontes.com\/?p=21051"},"modified":"2015-08-20T18:40:48","modified_gmt":"2015-08-20T17:40:48","slug":"muere-en-punta-cana-la-esposa-de-diego-el-cigala","status":"publish","type":"post","link":"https:\/\/2horizontes.com\/?p=21051","title":{"rendered":"Muere en Punta Cana la esposa de Diego El Cigala"},"content":{"rendered":"<p>Informa el peri\u00f3dico Diario Libre que falleci\u00f3 anoche en su residencia de Punta Cana la esposa del cantautor espa\u00f1ol de m\u00fasica flamenca nacionalizado dominicano, Diego El Cigala.<\/p>\n<p>La se\u00f1ora Amparo Fern\u00e1ndez tambi\u00e9n era la manager del artista. Padec\u00eda de un c\u00e1ncer desde hace alg\u00fan tiempo.<\/p>\n<p>Cigala<\/p>\n<p>El artista recibi\u00f3 la noticia anoche, mientras se encontraba en Los \u00c1ngeles, poco antes de subir al escenario para ofrecer un concierto. Tom\u00f3 vuelo hacia Rep\u00fablica Dominicana, donde llegar\u00e1 hoy.<\/p>\n<p>La pareja manten\u00eda un matrimonio de unos 25 a\u00f1os y procre\u00f3 dos hijos.<\/p>\n<p>El artista reside en Punta Cana desde hace varios a\u00f1os y adquiri\u00f3 la nacionalidad dominicana<\/p>\n","protected":false},"excerpt":{"rendered":"<p>Informa el peri\u00f3dico Diario Libre que falleci\u00f3 anoche en su residencia de Punta Cana la esposa del cantautor espa\u00f1ol de m\u00fasica flamenca nacionalizado dominicano, Diego El Cigala. La se\u00f1ora Amparo Fern\u00e1ndez tambi\u00e9n era la manager del artista. Padec\u00eda de un c\u00e1ncer desde hace alg\u00fan tiempo. Cigala El artista recibi\u00f3 la noticia anoche, mientras se encontraba [&hellip;]<\/p>\n","protected":false},"author":3,"featured_media":21052,"comment_status":"open","ping_status":"open","sticky":false,"template":"","format":"standard","meta":{"footnotes":""},"categories":[85,44],"tags":[],"class_list":["post-21051","post","type-post","status-publish","format-standard","has-post-thumbnail","hentry","category-espana","category-republica-dominicana"],"_links":{"self":[{"href":"https:\/\/2horizontes.com\/index.php?rest_route=\/wp\/v2\/posts\/21051","targetHints":{"allow":["GET"]}}],"collection":[{"href":"https:\/\/2horizontes.com\/index.php?rest_route=\/wp\/v2\/posts"}],"about":[{"href":"https:\/\/2horizontes.com\/index.php?rest_route=\/wp\/v2\/types\/post"}],"author":[{"embeddable":true,"href":"https:\/\/2horizontes.com\/index.php?rest_route=\/wp\/v2\/users\/3"}],"replies":[{"embeddable":true,"href":"https:\/\/2horizontes.com\/index.php?rest_route=%2Fwp%2Fv2%2Fcomments&post=21051"}],"version-history":[{"count":1,"href":"https:\/\/2horizontes.com\/index.php?rest_route=\/wp\/v2\/posts\/21051\/revisions"}],"predecessor-version":[{"id":21053,"href":"https:\/\/2horizontes.com\/index.php?rest_route=\/wp\/v2\/posts\/21051\/revisions\/21053"}],"wp:featuredmedia":[{"embeddable":true,"href":"https:\/\/2horizontes.com\/index.php?rest_route=\/wp\/v2\/media\/21052"}],"wp:attachment":[{"href":"https:\/\/2horizontes.com\/index.php?rest_route=%2Fwp%2Fv2%2Fmedia&parent=21051"}],"wp:term":[{"taxonomy":"category","embeddable":true,"href":"https:\/\/2horizontes.com\/index.php?rest_route=%2Fwp%2Fv2%2Fcategories&post=21051"},{"taxonomy":"post_tag","embeddable":true,"href":"https:\/\/2horizontes.com\/index.php?rest_route=%2Fwp%2Fv2%2Ftags&post=21051"}],"curies":[{"name":"wp","href":"https:\/\/api.w.org\/{rel}","templated":true}]}}