{"id":21036,"date":"2015-08-20T12:53:36","date_gmt":"2015-08-20T11:53:36","guid":{"rendered":"http:\/\/2horizontes.com\/?p=21036"},"modified":"2015-08-20T12:53:36","modified_gmt":"2015-08-20T11:53:36","slug":"dolce-gabbana-se-disculpan-por-sus-opiniones-sobre-la-adopcion-gay","status":"publish","type":"post","link":"https:\/\/2horizontes.com\/?p=21036","title":{"rendered":"Dolce &amp; Gabbana se disculpan por sus opiniones sobre la adopci\u00f3n gay"},"content":{"rendered":"<p>Hace unos meses, los dise\u00f1adores Dolce&amp;Gabbana opinaron sobre el uso de vientres de alquiler y la fertilizaci\u00f3n in vitro, y se encendi\u00f3 la pol\u00e9mica. \u201cNo me convencen los hijos de la qu\u00edmica, los ni\u00f1os sint\u00e9ticos\u201d, dijeron. \u201dUn ni\u00f1o cuando nace debe tener un padre y una madre, o al menos deber\u00eda ser as\u00ed\u201d, consideraron.<\/p>\n<p>Inmediatamente, reaccionaron personalidades como Elton John, Ricky Martin, Victoria Beckham y Courtney Love, ofendidos con las declaraciones.<\/p>\n<p>Ahora, Domenico Dolce, se disculpa por sus comentarios en la edici\u00f3n americana de Vogue. \u201cLo siento mucho. Mi intenci\u00f3n no era ofender a nadie\u201d, dijo. \u201cHe hecho un examen de conciencia. He hablado con Stefano mucho sobre esto. Me he dado cuenta de que mis palabras eran inadecuadas y me disculpo\u201d, coment\u00f3, seg\u00fan reproduce LaVozdeGalicia.<\/p>\n","protected":false},"excerpt":{"rendered":"<p>Hace unos meses, los dise\u00f1adores Dolce&amp;Gabbana opinaron sobre el uso de vientres de alquiler y la fertilizaci\u00f3n in vitro, y se encendi\u00f3 la pol\u00e9mica. \u201cNo me convencen los hijos de la qu\u00edmica, los ni\u00f1os sint\u00e9ticos\u201d, dijeron. \u201dUn ni\u00f1o cuando nace debe tener un padre y una madre, o al menos deber\u00eda ser as\u00ed\u201d, consideraron. Inmediatamente, [&hellip;]<\/p>\n","protected":false},"author":3,"featured_media":21037,"comment_status":"open","ping_status":"open","sticky":false,"template":"","format":"standard","meta":{"footnotes":""},"categories":[57],"tags":[],"class_list":["post-21036","post","type-post","status-publish","format-standard","has-post-thumbnail","hentry","category-mundo-gay"],"_links":{"self":[{"href":"https:\/\/2horizontes.com\/index.php?rest_route=\/wp\/v2\/posts\/21036","targetHints":{"allow":["GET"]}}],"collection":[{"href":"https:\/\/2horizontes.com\/index.php?rest_route=\/wp\/v2\/posts"}],"about":[{"href":"https:\/\/2horizontes.com\/index.php?rest_route=\/wp\/v2\/types\/post"}],"author":[{"embeddable":true,"href":"https:\/\/2horizontes.com\/index.php?rest_route=\/wp\/v2\/users\/3"}],"replies":[{"embeddable":true,"href":"https:\/\/2horizontes.com\/index.php?rest_route=%2Fwp%2Fv2%2Fcomments&post=21036"}],"version-history":[{"count":1,"href":"https:\/\/2horizontes.com\/index.php?rest_route=\/wp\/v2\/posts\/21036\/revisions"}],"predecessor-version":[{"id":21038,"href":"https:\/\/2horizontes.com\/index.php?rest_route=\/wp\/v2\/posts\/21036\/revisions\/21038"}],"wp:featuredmedia":[{"embeddable":true,"href":"https:\/\/2horizontes.com\/index.php?rest_route=\/wp\/v2\/media\/21037"}],"wp:attachment":[{"href":"https:\/\/2horizontes.com\/index.php?rest_route=%2Fwp%2Fv2%2Fmedia&parent=21036"}],"wp:term":[{"taxonomy":"category","embeddable":true,"href":"https:\/\/2horizontes.com\/index.php?rest_route=%2Fwp%2Fv2%2Fcategories&post=21036"},{"taxonomy":"post_tag","embeddable":true,"href":"https:\/\/2horizontes.com\/index.php?rest_route=%2Fwp%2Fv2%2Ftags&post=21036"}],"curies":[{"name":"wp","href":"https:\/\/api.w.org\/{rel}","templated":true}]}}