{"id":2103,"date":"2014-09-20T19:17:41","date_gmt":"2014-09-20T19:17:41","guid":{"rendered":"http:\/\/2horizontes.com\/?p=2103"},"modified":"2014-09-20T19:18:39","modified_gmt":"2014-09-20T19:18:39","slug":"espana-repatriara-a-religioso-enfermo-de-ebola-en-sierra-leona","status":"publish","type":"post","link":"https:\/\/2horizontes.com\/?p=2103","title":{"rendered":"Espa\u00f1a repatriar\u00e1 a religioso enfermo de \u00e9bola en Sierra Leona"},"content":{"rendered":"<p><a href=\"http:\/\/2horizontes.com\/wp-content\/uploads\/2014\/09\/RELIGIOSO-ESPA\u00d1OL-EBOLA.jpg\"><img loading=\"lazy\" decoding=\"async\" src=\"http:\/\/2horizontes.com\/wp-content\/uploads\/2014\/09\/RELIGIOSO-ESPA\u00d1OL-EBOLA.jpg\" alt=\"RELIGIOSO ESPA\u00d1OL EBOLA\" width=\"200\" height=\"200\" class=\"alignleft size-full wp-image-2104\" \/><\/a> EFE. Madrid.- El Gobierno de Espa\u00f1a anunci\u00f3 hoy la repatriaci\u00f3n de un religioso espa\u00f1ol residente en Sierra Leona que ha contra\u00eddo la enfermedad del \u00e9bola.<\/p>\n<p>Se trata de Manuel Garc\u00eda Viejo, de 52 a\u00f1os y director m\u00e9dico del Hospital San Juan de Dios en la ciudad de Lunsar y quien ha manifestado su voluntad de ser trasladado a Espa\u00f1a, seg\u00fan inform\u00f3 hoy el Ministerio espa\u00f1ol de Sanidad en una nota de prensa.<\/p>\n<p>La ministra de Sanidad espa\u00f1ola, Ana Mato, tiene previsto reunirse hoy mismo con responsables de los ministerios de Asuntos Exteriores y Cooperaci\u00f3n y de Defensa, y de la Comunidad de Madrid, para organizar el traslado.<\/p>\n<p>Garc\u00eda Viejo es el segundo espa\u00f1ol afectado por el brote de \u00e9bola declarado el pasado mes de marzo en Guinea Conakry y que se ha extendido a poblaciones de Liberia, Sierra Leona, Nigeria y Senegal, infectando a unas 5.500 personas y causando la muerte de 2.600, seg\u00fan datos de la Organizaci\u00f3n Mundial de la Salud (OMS).<\/p>\n<p>En agosto pasado, el Gobierno espa\u00f1ol repatri\u00f3 desde Liberia en un avi\u00f3n medicalizado al sacerdote Miguel Pajares, quien se encontraba en estado grave y muri\u00f3 cinco d\u00edas despu\u00e9s a consecuencia de la enfermedad en el Hospital Carlos III de Madrid.<\/p>\n<p>Pajares tambi\u00e9n pertenec\u00eda a la orden de San Juan de Dios y falleci\u00f3 el pasado 12 de agosto en el hospital madrile\u00f1o, donde recibi\u00f3 un tratamiento con el medicamento experimental ZMapp, que se est\u00e1 administrando en EEUU y que se puso a disposici\u00f3n de los m\u00e9dicos del hospital Carlos III tras ser autorizado por el Ministerio de Sanidad.<\/p>\n<p>La familia de Garc\u00eda Viejo, natural de la localidad de Folgoso de la Ribera, en la provincia de Le\u00f3n (norte), ha recibido con pesadumbre y resignaci\u00f3n la noticia de su enfermedad.<\/p>\n<p>En declaraciones a EFE, Antonio Garc\u00eda Viejo, hermano del religioso, explic\u00f3 que no ha conseguido hablar con su familiar, pero que s\u00ed lo ha hecho con los frailes de la orden de San Juan de Dios, quienes le han transmitido el deseo de su hermano de volver a Espa\u00f1a para ser tratado.<\/p>\n<p>Record\u00f3 que su hermano estuvo el pasado a\u00f1o Folgoso de la Ribera, a donde regresaba \u00abcada a\u00f1o\u00bb para compartir unos d\u00edas con sus familiares, a la vez que explic\u00f3 que tem\u00edan que contrajera el \u00e9bola. EFE.<\/p>\n","protected":false},"excerpt":{"rendered":"<p>EFE. Madrid.- El Gobierno de Espa\u00f1a anunci\u00f3 hoy la repatriaci\u00f3n de un religioso espa\u00f1ol residente en Sierra Leona que ha contra\u00eddo la enfermedad del \u00e9bola. Se trata de Manuel Garc\u00eda Viejo, de 52 a\u00f1os y director m\u00e9dico del Hospital San Juan de Dios en la ciudad de Lunsar y quien ha manifestado su voluntad de [&hellip;]<\/p>\n","protected":false},"author":1,"featured_media":0,"comment_status":"open","ping_status":"open","sticky":false,"template":"","format":"standard","meta":{"footnotes":""},"categories":[1],"tags":[],"class_list":["post-2103","post","type-post","status-publish","format-standard","hentry","category-entretenimiento"],"_links":{"self":[{"href":"https:\/\/2horizontes.com\/index.php?rest_route=\/wp\/v2\/posts\/2103","targetHints":{"allow":["GET"]}}],"collection":[{"href":"https:\/\/2horizontes.com\/index.php?rest_route=\/wp\/v2\/posts"}],"about":[{"href":"https:\/\/2horizontes.com\/index.php?rest_route=\/wp\/v2\/types\/post"}],"author":[{"embeddable":true,"href":"https:\/\/2horizontes.com\/index.php?rest_route=\/wp\/v2\/users\/1"}],"replies":[{"embeddable":true,"href":"https:\/\/2horizontes.com\/index.php?rest_route=%2Fwp%2Fv2%2Fcomments&post=2103"}],"version-history":[{"count":1,"href":"https:\/\/2horizontes.com\/index.php?rest_route=\/wp\/v2\/posts\/2103\/revisions"}],"predecessor-version":[{"id":2105,"href":"https:\/\/2horizontes.com\/index.php?rest_route=\/wp\/v2\/posts\/2103\/revisions\/2105"}],"wp:attachment":[{"href":"https:\/\/2horizontes.com\/index.php?rest_route=%2Fwp%2Fv2%2Fmedia&parent=2103"}],"wp:term":[{"taxonomy":"category","embeddable":true,"href":"https:\/\/2horizontes.com\/index.php?rest_route=%2Fwp%2Fv2%2Fcategories&post=2103"},{"taxonomy":"post_tag","embeddable":true,"href":"https:\/\/2horizontes.com\/index.php?rest_route=%2Fwp%2Fv2%2Ftags&post=2103"}],"curies":[{"name":"wp","href":"https:\/\/api.w.org\/{rel}","templated":true}]}}