{"id":21014,"date":"2015-08-20T12:34:54","date_gmt":"2015-08-20T11:34:54","guid":{"rendered":"http:\/\/2horizontes.com\/?p=21014"},"modified":"2015-08-20T12:34:54","modified_gmt":"2015-08-20T11:34:54","slug":"belinda-enciende-instagram-con-erotico-video","status":"publish","type":"post","link":"https:\/\/2horizontes.com\/?p=21014","title":{"rendered":"BELINDA ENCIENDE INSTAGRAM CON ER\u00d3TICO VIDEO"},"content":{"rendered":"<p>Belinda es conocida a nivel internacional por su talento y por su peculiar belleza, la cual no deja de presumir en sus redes sociales y en prestigiosa revistas, donde impacta con su hermoso rostro y su cuerpo de tentaci\u00f3n. Sin embargo, ahora la cantante decidi\u00f3 encender su cuenta oficial de Instagram al publicar un er\u00f3tico video.<\/p>\n<p>Y es que la int\u00e9rprete de \u00abEn La Obscuridad\u00bb aprovech\u00f3 que est\u00e1 descansando en un paradisiaco destino mexicano, para encender los corazones de sus seguidores con una grabaci\u00f3n en la que adem\u00e1s de presumir su esbelta silueta, les env\u00eda un sensual y cari\u00f1oso saludo.<\/p>\n","protected":false},"excerpt":{"rendered":"<p>Belinda es conocida a nivel internacional por su talento y por su peculiar belleza, la cual no deja de presumir en sus redes sociales y en prestigiosa revistas, donde impacta con su hermoso rostro y su cuerpo de tentaci\u00f3n. Sin embargo, ahora la cantante decidi\u00f3 encender su cuenta oficial de Instagram al publicar un er\u00f3tico [&hellip;]<\/p>\n","protected":false},"author":3,"featured_media":21015,"comment_status":"open","ping_status":"open","sticky":false,"template":"","format":"standard","meta":{"footnotes":""},"categories":[1],"tags":[],"class_list":["post-21014","post","type-post","status-publish","format-standard","has-post-thumbnail","hentry","category-entretenimiento"],"_links":{"self":[{"href":"https:\/\/2horizontes.com\/index.php?rest_route=\/wp\/v2\/posts\/21014","targetHints":{"allow":["GET"]}}],"collection":[{"href":"https:\/\/2horizontes.com\/index.php?rest_route=\/wp\/v2\/posts"}],"about":[{"href":"https:\/\/2horizontes.com\/index.php?rest_route=\/wp\/v2\/types\/post"}],"author":[{"embeddable":true,"href":"https:\/\/2horizontes.com\/index.php?rest_route=\/wp\/v2\/users\/3"}],"replies":[{"embeddable":true,"href":"https:\/\/2horizontes.com\/index.php?rest_route=%2Fwp%2Fv2%2Fcomments&post=21014"}],"version-history":[{"count":1,"href":"https:\/\/2horizontes.com\/index.php?rest_route=\/wp\/v2\/posts\/21014\/revisions"}],"predecessor-version":[{"id":21016,"href":"https:\/\/2horizontes.com\/index.php?rest_route=\/wp\/v2\/posts\/21014\/revisions\/21016"}],"wp:featuredmedia":[{"embeddable":true,"href":"https:\/\/2horizontes.com\/index.php?rest_route=\/wp\/v2\/media\/21015"}],"wp:attachment":[{"href":"https:\/\/2horizontes.com\/index.php?rest_route=%2Fwp%2Fv2%2Fmedia&parent=21014"}],"wp:term":[{"taxonomy":"category","embeddable":true,"href":"https:\/\/2horizontes.com\/index.php?rest_route=%2Fwp%2Fv2%2Fcategories&post=21014"},{"taxonomy":"post_tag","embeddable":true,"href":"https:\/\/2horizontes.com\/index.php?rest_route=%2Fwp%2Fv2%2Ftags&post=21014"}],"curies":[{"name":"wp","href":"https:\/\/api.w.org\/{rel}","templated":true}]}}