{"id":20999,"date":"2015-08-20T07:20:12","date_gmt":"2015-08-20T06:20:12","guid":{"rendered":"http:\/\/2horizontes.com\/?p=20999"},"modified":"2015-08-20T07:20:12","modified_gmt":"2015-08-20T06:20:12","slug":"iglesia-catolica-de-cuba-aplaude-acercamiento-con-ee-uu","status":"publish","type":"post","link":"https:\/\/2horizontes.com\/?p=20999","title":{"rendered":"Iglesia Cat\u00f3lica de Cuba aplaude acercamiento con EE.UU."},"content":{"rendered":"<p><span class=\"firstLetter\">L<\/span>a Iglesia Cat\u00f3lica de Cuba se siente \u00abcontenta\u00bb con el acercamiento a Estados Unidos y quiere colaborar para que ambos pueblos puedan relacionarse de la manera m\u00e1s plena posible, mientras est\u00e1 inmersa en los preparativos de la visita del papa Francisco, que se iniciar\u00e1 justo en un mes.<\/p>\n<p>\u00abLa Iglesia se siente verdaderamente muy contenta siempre que acontece una realidad as\u00ed, siempre que dos pueblos divididos se unen\u00bb, dijo en una entrevista con Efe el obispo auxiliar de La Habana, Juan de Dios Hern\u00e1ndez, integrante de la comisi\u00f3n que prepara la visita papal que tendr\u00e1 lugar del 19 al 22 de septiembre.<\/p>\n<p>Para el obispo cubano, \u00absiempre que haya puentes y no muros, siempre que haya posibilidades de sentarnos a hablar, la Iglesia crece\u00bb, recalc\u00f3 tras recordar que la misi\u00f3n de la Iglesia consiste, entre otras cosas, en lograr que \u00abcada pueblo logre la mayor unidad posible con el resto de las naciones\u00bb.<\/p>\n<p>El viaje del papa Francisco a la isla se producir\u00e1 en un momento hist\u00f3rico, en pleno proceso de restauraci\u00f3n de las relaciones con Estados Unidos, tras m\u00e1s de 50 a\u00f1os de enemistad, un giro diplom\u00e1tico que cont\u00f3 con el apoyo y mediaci\u00f3n del Vaticano y del pont\u00edfice argentino.<\/p>\n<p>\u00abNo es extra\u00f1o para nosotros que el papa Francisco hubiese tratado, como de hecho fue, de que estos dos pueblos tan cercanos se unieran una vez m\u00e1s y creo que lo seguir\u00e1 haciendo\u00bb, asever\u00f3 el prelado.<\/p>\n<p>En ese sentido reconoci\u00f3 que en esta visita pastoral del pont\u00edfice, que desde Cuba viajar\u00e1 a EE UU, es \u00abindiscutible\u00bb que entra la misi\u00f3n de la Iglesia de \u00abaunar en las diferencias, tratar de tirar puentes entre realidades que han estado divididas y apostar por el di\u00e1logo\u00bb.<\/p>\n<p>Hern\u00e1ndez cree que la aproximaci\u00f3n entre Washington y La Habana tambi\u00e9n se reflejar\u00e1 en la vida de la Iglesia<\/p>\n<p>Hern\u00e1ndez cree que la aproximaci\u00f3n entre Washington y La Habana tambi\u00e9n se reflejar\u00e1 en la vida de la Iglesia en la medida en que los dos pueblos tengan \u00abm\u00e1s posibilidades de intercambiar\u00bb opiniones.<\/p>\n<p>En conclusi\u00f3n, considera que si el pueblo se beneficia de esta nueva etapa de relaciones, tambi\u00e9n \u00abse beneficia la Iglesia\u00bb.<\/p>\n<p>Francisco ser\u00e1 el tercer papa que recibe Cuba, despu\u00e9s del viaje que realiz\u00f3 Juan Pablo II en enero de 1998 y la posterior visita de Benedicto XVI, en 2012.<\/p>\n<p>Se trata de un acontecimiento que para Juan de Dios Hern\u00e1ndez \u00abes un privilegio como latinoamericanos y como cubanos\u00bb.<\/p>\n<p>Adem\u00e1s considera que esta visita tiene lugar en un momento en el que \u00abcada vez m\u00e1s el Estado cubano entiende el papel de la Iglesia\u00bb cat\u00f3lica y los di\u00e1logos entre ambos son \u00abconstructivos\u00bb.<\/p>\n<p>Aunque considera que Iglesia y Estado han avanzado en sus relaciones, cree que \u00abse puede avanzar m\u00e1s\u00bb.<\/p>\n<p>Para ilustrar esos avances menciona el hecho de que el Gobierno cubano haya permitido construir nuevos templos y haya ido devolviendo a la Iglesia cat\u00f3lica de una manera \u00abgradual\u00bb algunos que le hab\u00eda expropiado en los primeros a\u00f1os tras el triunfo de la Revoluci\u00f3n de 1959, cuando se tensaron las relaciones Iglesia-Estado.<\/p>\n<p>Tambi\u00e9n indic\u00f3 que ahora se permite a algunas religiosas que asistan a enfermos en hospitales y comienzan a abrirse espacios para que la Iglesia atienda a personas de la tercera edad cuando Cuba se enfrenta al reto de un progresivo envejecimiento de la poblaci\u00f3n.<\/p>\n<p>Pero advirti\u00f3 que est\u00e1n pendientes otros aspectos, como la participaci\u00f3n de la Iglesia en el \u00e1rea educativa del pa\u00eds o su presencia m\u00e1s \u00absistem\u00e1tica\u00bb en los medios de comunicaci\u00f3n.<\/p>\n<p>Sobre los preparativos en marcha para la visita del papa Francisco, Hern\u00e1ndez adelant\u00f3 que se espera que asistan invitados como los cardenales de Boston, Sean O&#8217;Malley, de Nicaragua, Leopoldo Brenes, y Panam\u00e1, Jos\u00e9 Luis Lacunza.<\/p>\n<p>Adem\u00e1s se espera en Cuba a los arzobispos de Miami, Thomas Wenski, y de Puerto Rico, Roberto Gonz\u00e1lez, junto a obispos, religiosos y peregrinos latinoamericanos y de Estados Unidos.<\/p>\n<p>Entre las actividades del pont\u00edfice en la isla, resalt\u00f3 la reuni\u00f3n que mantendr\u00e1 con el presidente Ra\u00fal Castro, las misas que oficiar\u00e1 en las ciudades de La Habana, Holgu\u00edn y Santiago de Cuba, donde se desplazar\u00e1 en tres \u00abpapam\u00f3viles\u00bb fabricados en la isla, as\u00ed como sus encuentros con familias, j\u00f3venes y enfermos.<\/p>\n","protected":false},"excerpt":{"rendered":"<p>La Iglesia Cat\u00f3lica de Cuba se siente \u00abcontenta\u00bb con el acercamiento a Estados Unidos y quiere colaborar para que ambos pueblos puedan relacionarse de la manera m\u00e1s plena posible, mientras est\u00e1 inmersa en los preparativos de la visita del papa Francisco, que se iniciar\u00e1 justo en un mes. \u00abLa Iglesia se siente verdaderamente muy contenta [&hellip;]<\/p>\n","protected":false},"author":7,"featured_media":21000,"comment_status":"open","ping_status":"open","sticky":false,"template":"","format":"standard","meta":{"footnotes":""},"categories":[40],"tags":[],"class_list":["post-20999","post","type-post","status-publish","format-standard","has-post-thumbnail","hentry","category-internacionales"],"_links":{"self":[{"href":"https:\/\/2horizontes.com\/index.php?rest_route=\/wp\/v2\/posts\/20999","targetHints":{"allow":["GET"]}}],"collection":[{"href":"https:\/\/2horizontes.com\/index.php?rest_route=\/wp\/v2\/posts"}],"about":[{"href":"https:\/\/2horizontes.com\/index.php?rest_route=\/wp\/v2\/types\/post"}],"author":[{"embeddable":true,"href":"https:\/\/2horizontes.com\/index.php?rest_route=\/wp\/v2\/users\/7"}],"replies":[{"embeddable":true,"href":"https:\/\/2horizontes.com\/index.php?rest_route=%2Fwp%2Fv2%2Fcomments&post=20999"}],"version-history":[{"count":1,"href":"https:\/\/2horizontes.com\/index.php?rest_route=\/wp\/v2\/posts\/20999\/revisions"}],"predecessor-version":[{"id":21001,"href":"https:\/\/2horizontes.com\/index.php?rest_route=\/wp\/v2\/posts\/20999\/revisions\/21001"}],"wp:featuredmedia":[{"embeddable":true,"href":"https:\/\/2horizontes.com\/index.php?rest_route=\/wp\/v2\/media\/21000"}],"wp:attachment":[{"href":"https:\/\/2horizontes.com\/index.php?rest_route=%2Fwp%2Fv2%2Fmedia&parent=20999"}],"wp:term":[{"taxonomy":"category","embeddable":true,"href":"https:\/\/2horizontes.com\/index.php?rest_route=%2Fwp%2Fv2%2Fcategories&post=20999"},{"taxonomy":"post_tag","embeddable":true,"href":"https:\/\/2horizontes.com\/index.php?rest_route=%2Fwp%2Fv2%2Ftags&post=20999"}],"curies":[{"name":"wp","href":"https:\/\/api.w.org\/{rel}","templated":true}]}}