{"id":20988,"date":"2015-08-20T07:07:52","date_gmt":"2015-08-20T06:07:52","guid":{"rendered":"http:\/\/2horizontes.com\/?p=20988"},"modified":"2015-08-20T07:07:52","modified_gmt":"2015-08-20T06:07:52","slug":"gobierno-de-mexico-califica-de-racistas-nuevos-comentarios-de-trump","status":"publish","type":"post","link":"https:\/\/2horizontes.com\/?p=20988","title":{"rendered":"Gobierno de M\u00e9xico califica de \u00abracistas\u00bb nuevos comentarios de Trump"},"content":{"rendered":"<div id=\"ArticleAuthorDiv\" class=\"article-body-author\"><b>EFE<\/b><\/div>\n<div id=\"ArticleSourceDiv\" class=\"article-body-author\"><b>M\u00e9xico<\/b><\/div>\n<div id=\"ArticleBody\">\n<p>El Gobierno mexicano consider\u00f3 ayer \u00abracistas\u00bb los \u00faltimos comentarios del precandidato republicano a la Presidencia de EE.UU. Donald Trump, que ha prometido confiscar las remesas hacia M\u00e9xico si las autoridades de este pa\u00eds no pagan la construcci\u00f3n de un muro fronterizo.<\/p>\n<p>\u00abSeguimos sosteniendo nuestra posici\u00f3n de que esos comentarios reflejan prejuicio, racismo y total ignorancia\u00bb, afirm\u00f3 la Secretar\u00eda de Relaciones Exteriores (SRE) en un mensaje.<\/p>\n<p>La SRE manifest\u00f3 tambi\u00e9n que \u00abtodo aquel que entienda la profundidad de la relaci\u00f3n entre Estados Unidos y M\u00e9xico se da cuenta de que esas propuestas no solo son prejuiciosas y absurdas, sino que adem\u00e1s ir\u00edan en detrimento del bienestar de ambas naciones\u00bb.<\/p>\n<p>El millonario estadounidense revel\u00f3 el domingo pasado que entre sus planes para el caso de que gane las elecciones de 2016 est\u00e1 el deportar a m\u00e1s de once millones de indocumentados y construir un muro en la frontera con M\u00e9xico que deber\u00e1n pagar los mexicanos.<\/p>\n<p>Adem\u00e1s amenaz\u00f3 con embargar las remesas \u00abderivadas de salarios ilegales\u00bb enviadas por los inmigrantes, en el caso de que M\u00e9xico se niegue a cooperar con el muro.<\/p>\n<p>La postura de Trump sobre los inmigrantes mexicanos en Estados Unidos, que parece haberse convertido en uno de los ejes de su campa\u00f1a electoral en los \u00faltimos meses, ha levantado una ola de protestas en Latinoam\u00e9rica y entre los hispanos que viven en el pa\u00eds norteamericano.<\/p>\n<p>En 2014 los pa\u00edses de Am\u00e9rica Latina y el Caribe recibieron 65.300 millones de d\u00f3lares de remesas, con M\u00e9xico a la cabeza, que registr\u00f3 un aumento del 8 %, seg\u00fan un informe del Fondo Multilateral de Inversiones.<\/p>\n<p>No es la primera vez que la SRE mexicana critica a Trump. En junio pasado el titular de esa cartera, Jos\u00e9 Antonio Meade, ya reaccion\u00f3 cuando el magnate anunci\u00f3 que de llegar a la Casa Blanca construir\u00eda un \u00abgran, gran muro\u00bb en la frontera de M\u00e9xico y har\u00eda que este pa\u00eds \u00ablo pague\u00bb.<\/p>\n<p>Adem\u00e1s de tildar esos comentarios de prejuiciosos e ignorantes, Meade indic\u00f3 que de ellos se desprenden ideas preconcebidas que \u00abno se validan con la realidad y no le hacen justicia al trabajo del migrante\u00bb.<\/p>\n<p>Este mi\u00e9rcoles la SRE record\u00f3 que cerca de 33,5 millones de personas de origen mexicano viven en EE.UU. y aportan el 8 % del PIB de ese pa\u00eds.<\/p>\n<p>Este sector participa en 570.000 negocios en el pa\u00eds, es decir, uno de cada 25 negocios son de personas de origen mexicano, y este movimiento econ\u00f3mico genera 17.000 millones de d\u00f3lares.<\/p>\n<p>El n\u00famero de emprendedores hispanos en EE.UU. ha pasado de medio mill\u00f3n a m\u00e1s de dos millones entre 1990 y 2012.<\/p>\n<p>Adem\u00e1s, la SRE recuerda que la llegada de inmigrantes mexicanos al vecino del norte cay\u00f3 desde 2005 hasta situar en cero la tasa migratoria en 2012, lo que significa que el n\u00famero de emigrantes mexicanos que viajaron a Estados Unidos fue el mismo que los que regresaron.<\/p>\n<p>El comercio bilateral se sit\u00faa en 530.000 millones de d\u00f3lares y el 80 % de esos intercambios se hace por tierra.<\/p>\n<p>M\u00e9xico es, adem\u00e1s, el primer o segundo mercado para 22 de los 50 estados de EE.UU.<\/p>\n<\/div>\n","protected":false},"excerpt":{"rendered":"<p>EFE M\u00e9xico El Gobierno mexicano consider\u00f3 ayer \u00abracistas\u00bb los \u00faltimos comentarios del precandidato republicano a la Presidencia de EE.UU. Donald Trump, que ha prometido confiscar las remesas hacia M\u00e9xico si las autoridades de este pa\u00eds no pagan la construcci\u00f3n de un muro fronterizo. \u00abSeguimos sosteniendo nuestra posici\u00f3n de que esos comentarios reflejan prejuicio, racismo y [&hellip;]<\/p>\n","protected":false},"author":7,"featured_media":20989,"comment_status":"open","ping_status":"open","sticky":false,"template":"","format":"standard","meta":{"footnotes":""},"categories":[54,40,43],"tags":[],"class_list":["post-20988","post","type-post","status-publish","format-standard","has-post-thumbnail","hentry","category-emigrantes","category-internacionales","category-politica"],"_links":{"self":[{"href":"https:\/\/2horizontes.com\/index.php?rest_route=\/wp\/v2\/posts\/20988","targetHints":{"allow":["GET"]}}],"collection":[{"href":"https:\/\/2horizontes.com\/index.php?rest_route=\/wp\/v2\/posts"}],"about":[{"href":"https:\/\/2horizontes.com\/index.php?rest_route=\/wp\/v2\/types\/post"}],"author":[{"embeddable":true,"href":"https:\/\/2horizontes.com\/index.php?rest_route=\/wp\/v2\/users\/7"}],"replies":[{"embeddable":true,"href":"https:\/\/2horizontes.com\/index.php?rest_route=%2Fwp%2Fv2%2Fcomments&post=20988"}],"version-history":[{"count":2,"href":"https:\/\/2horizontes.com\/index.php?rest_route=\/wp\/v2\/posts\/20988\/revisions"}],"predecessor-version":[{"id":20991,"href":"https:\/\/2horizontes.com\/index.php?rest_route=\/wp\/v2\/posts\/20988\/revisions\/20991"}],"wp:featuredmedia":[{"embeddable":true,"href":"https:\/\/2horizontes.com\/index.php?rest_route=\/wp\/v2\/media\/20989"}],"wp:attachment":[{"href":"https:\/\/2horizontes.com\/index.php?rest_route=%2Fwp%2Fv2%2Fmedia&parent=20988"}],"wp:term":[{"taxonomy":"category","embeddable":true,"href":"https:\/\/2horizontes.com\/index.php?rest_route=%2Fwp%2Fv2%2Fcategories&post=20988"},{"taxonomy":"post_tag","embeddable":true,"href":"https:\/\/2horizontes.com\/index.php?rest_route=%2Fwp%2Fv2%2Ftags&post=20988"}],"curies":[{"name":"wp","href":"https:\/\/api.w.org\/{rel}","templated":true}]}}