{"id":20985,"date":"2015-08-20T07:04:06","date_gmt":"2015-08-20T06:04:06","guid":{"rendered":"http:\/\/2horizontes.com\/?p=20985"},"modified":"2015-08-20T07:04:06","modified_gmt":"2015-08-20T06:04:06","slug":"dominicanos-protestan-ante-consulado-haitiano-en-miami","status":"publish","type":"post","link":"https:\/\/2horizontes.com\/?p=20985","title":{"rendered":"Dominicanos protestan ante consulado haitiano en Miami"},"content":{"rendered":"<div id=\"ArticleAuthorDiv\" class=\"article-body-author\"><b>EFE<\/b><\/div>\n<div id=\"ArticleSourceDiv\" class=\"article-body-author\"><b>Miami<\/b><\/div>\n<div id=\"ArticleBody\">\n<p>Una coalici\u00f3n de l\u00edderes comunitarios dominicanos en Florida (EE.UU.) se manifest\u00f3 ayer frente al consulado de Hait\u00ed en Miami en rechazo a lo que consideran una \u201ccampa\u00f1a de difamaci\u00f3n\u201d contra su pa\u00eds por su nueva pol\u00edtica migratoria.<\/p>\n<p>La Coalici\u00f3n Dominicana de la Florida (CODOMFLA) critic\u00f3 que el Gobierno haitiano ha desprestigiado al pueblo dominicano ante la comunidad internacional al hacerlos ver como \u201cesclavistas y racistas\u201d.<\/p>\n<p>\u201cEstamos indignados como dominicanos, exigimos respeto por nuestro pa\u00eds, porque nosotros nos caracterizamos por ser un pueblo hospitalario, solidario, pac\u00edfico y condescendiente, no solo con el pueblo haitiano sino con todo aquel que llega a nuestro patria\u201d, expres\u00f3 la activista Magalys Mella.<\/p>\n<p>Destac\u00f3 adem\u00e1s que, al igual que Estados Unidos ha acogido a los dominicanos \u201ccomo inmigrantes\u201d, su pa\u00eds \u201cacoge a todo aquel que se rija bajo las leyes y normativas migratorias\u201d.<\/p>\n<p>El activista dominicano Joaqu\u00edn Liriano cuestion\u00f3 por su parte las \u201cmentiras que han creado por el solo hecho de que un pa\u00eds exija a los extranjeros que viven en su territorio legalizarse\u201d.<\/p>\n<p>La convocatoria de la marcha \u201cCaminando por mi patria\u201d surgi\u00f3 luego que la comunidad haitiana residente en Florida realizara varias protestas contra los \u201ctratos discriminatorios y vejaciones\u201d de sus nacionales en suelo dominicano.<\/p>\n<p>La caminata se inici\u00f3 frente al consulado de Rep\u00fablica Dominicana y culmin\u00f3 en el de Hait\u00ed, donde Mella entreg\u00f3 a las autoridades consulares una carta dirigida al c\u00f3nsul Jean Marie Francois Guillaume, en la que le manifestaban su desacuerdo con \u201cla campa\u00f1a de descr\u00e9dito internacional\u201d.<\/p>\n<p>En 2013, una pol\u00e9mica sentencia del Tribunal Constitucional dominicano neg\u00f3 la nacionalidad a los descendientes de indocumentados nacidos en su territorio, la mayor\u00eda haitianos. El Gobierno dominicano lanz\u00f3 este a\u00f1o un Plan Nacional de Regularizaci\u00f3n de Extranjeros al que se acogieron m\u00e1s de 288.000 personas.<\/p>\n<\/div>\n","protected":false},"excerpt":{"rendered":"<p>EFE Miami Una coalici\u00f3n de l\u00edderes comunitarios dominicanos en Florida (EE.UU.) se manifest\u00f3 ayer frente al consulado de Hait\u00ed en Miami en rechazo a lo que consideran una \u201ccampa\u00f1a de difamaci\u00f3n\u201d contra su pa\u00eds por su nueva pol\u00edtica migratoria. La Coalici\u00f3n Dominicana de la Florida (CODOMFLA) critic\u00f3 que el Gobierno haitiano ha desprestigiado al pueblo [&hellip;]<\/p>\n","protected":false},"author":7,"featured_media":20986,"comment_status":"open","ping_status":"open","sticky":false,"template":"","format":"standard","meta":{"footnotes":""},"categories":[47,40,43],"tags":[],"class_list":["post-20985","post","type-post","status-publish","format-standard","has-post-thumbnail","hentry","category-haiti","category-internacionales","category-politica"],"_links":{"self":[{"href":"https:\/\/2horizontes.com\/index.php?rest_route=\/wp\/v2\/posts\/20985","targetHints":{"allow":["GET"]}}],"collection":[{"href":"https:\/\/2horizontes.com\/index.php?rest_route=\/wp\/v2\/posts"}],"about":[{"href":"https:\/\/2horizontes.com\/index.php?rest_route=\/wp\/v2\/types\/post"}],"author":[{"embeddable":true,"href":"https:\/\/2horizontes.com\/index.php?rest_route=\/wp\/v2\/users\/7"}],"replies":[{"embeddable":true,"href":"https:\/\/2horizontes.com\/index.php?rest_route=%2Fwp%2Fv2%2Fcomments&post=20985"}],"version-history":[{"count":1,"href":"https:\/\/2horizontes.com\/index.php?rest_route=\/wp\/v2\/posts\/20985\/revisions"}],"predecessor-version":[{"id":20987,"href":"https:\/\/2horizontes.com\/index.php?rest_route=\/wp\/v2\/posts\/20985\/revisions\/20987"}],"wp:featuredmedia":[{"embeddable":true,"href":"https:\/\/2horizontes.com\/index.php?rest_route=\/wp\/v2\/media\/20986"}],"wp:attachment":[{"href":"https:\/\/2horizontes.com\/index.php?rest_route=%2Fwp%2Fv2%2Fmedia&parent=20985"}],"wp:term":[{"taxonomy":"category","embeddable":true,"href":"https:\/\/2horizontes.com\/index.php?rest_route=%2Fwp%2Fv2%2Fcategories&post=20985"},{"taxonomy":"post_tag","embeddable":true,"href":"https:\/\/2horizontes.com\/index.php?rest_route=%2Fwp%2Fv2%2Ftags&post=20985"}],"curies":[{"name":"wp","href":"https:\/\/api.w.org\/{rel}","templated":true}]}}