{"id":20982,"date":"2015-08-20T06:58:21","date_gmt":"2015-08-20T05:58:21","guid":{"rendered":"http:\/\/2horizontes.com\/?p=20982"},"modified":"2015-08-20T06:58:21","modified_gmt":"2015-08-20T05:58:21","slug":"corte-de-brasil-debate-despenalizar-la-posesion-de-droga","status":"publish","type":"post","link":"https:\/\/2horizontes.com\/?p=20982","title":{"rendered":"Corte de Brasil debate despenalizar la posesi\u00f3n de droga"},"content":{"rendered":"<p>La Corte Suprema de Brasil comenz\u00f3 a debatir ayer un caso que podr\u00eda generar la despenalizaci\u00f3n de la posesi\u00f3n de drogas para consumo personal.<\/p>\n<p>En 2009, un recluso en una prisi\u00f3n de Sao Paulo fue sorprendido con tres gramos de marihuana. El delito fue agregado a su historial criminal que ya inclu\u00eda robo, venta de art\u00edculos robados y posesi\u00f3n ilegal de un arma.<\/p>\n<p>Dos a\u00f1os despu\u00e9s, la oficina de defensores p\u00fablicos de Sao Paulo present\u00f3 una apelaci\u00f3n a su nombre, argumentando que la inclusi\u00f3n del cargo por posesi\u00f3n de drogas era anticonstitucional, debido a que violaba el derecho constitucional a la privacidad.<\/p>\n<p>Los 11 ministros de la corte comenzaron a discutir el caso el mi\u00e9rcoles. Luego de unas tres horas, el jefe de justicia, Ricardo Lewandowski, levant\u00f3 la sesi\u00f3n y aclar\u00f3 que el debate se retomar\u00eda el jueves. Se prev\u00e9 un fallo dentro de varios d\u00edas.<\/p>\n<p>La posesi\u00f3n de peque\u00f1as cantidades de droga como marihuana y coca\u00edna para consumo personal es un delito en Brasil. Aquellos que son detenidos con cualquier cantidad de estupefacientes son acusados de ser traficantes y se les encarcela junto a criminales peligrosos o son sentenciados a dar servicios comunitarios.<\/p>\n<p>El ministro de Justicia, Jos\u00e9 Eduardo Cardozo, se\u00f1al\u00f3 a principios de mes a la agencia de noticias estatal, Agencia Brasil, que aquellos a los que se les arresta por posesi\u00f3n de drogas, a menudo \u00abentran a la c\u00e1rcel como consumidores de drogas y salen como traficantes\u00bb.<\/p>\n<p>El caso viene en medio de varios llamados para la despenalizaci\u00f3n de la posesi\u00f3n de marihuana en Brasil, uno de los pocos pa\u00edses latinoamericanos en donde sigue siendo un delito la posesi\u00f3n para consumo personal.<\/p>\n<p>El juez Marco Aurelio Mello recientemente dijo al diario Folha de Sao Paulo que un tema importante ser\u00e1 distinguir entre un consumidor y un narcotraficante.<\/p>\n<p>Walter Maierovitch, un exjuez que alguna vez estuvo al frente del programa antidrogas de Brasil, dijo que las leyes que penalizan el consumo personal son anticonstitucionales.<\/p>\n<p>\u00abLos actos que no tienen v\u00edctimas no pueden ser castigados. No se puede castigar a nadie por lastimarse a s\u00ed mismo. Nadie puede ser perpetrador y v\u00edctima del delito al mismo tiempo\u00bb, dijo Maierovitch a The Associated Press.<\/p>\n<p>Se\u00f1al\u00f3 que se deben establecer criterios t\u00e9cnicos para establecer la cantidad de drogas que pueden ser consideradas lo suficientemente peque\u00f1as para consumo personal.<\/p>\n","protected":false},"excerpt":{"rendered":"<p>La Corte Suprema de Brasil comenz\u00f3 a debatir ayer un caso que podr\u00eda generar la despenalizaci\u00f3n de la posesi\u00f3n de drogas para consumo personal. En 2009, un recluso en una prisi\u00f3n de Sao Paulo fue sorprendido con tres gramos de marihuana. El delito fue agregado a su historial criminal que ya inclu\u00eda robo, venta de [&hellip;]<\/p>\n","protected":false},"author":7,"featured_media":20983,"comment_status":"open","ping_status":"open","sticky":false,"template":"","format":"standard","meta":{"footnotes":""},"categories":[40],"tags":[],"class_list":["post-20982","post","type-post","status-publish","format-standard","has-post-thumbnail","hentry","category-internacionales"],"_links":{"self":[{"href":"https:\/\/2horizontes.com\/index.php?rest_route=\/wp\/v2\/posts\/20982","targetHints":{"allow":["GET"]}}],"collection":[{"href":"https:\/\/2horizontes.com\/index.php?rest_route=\/wp\/v2\/posts"}],"about":[{"href":"https:\/\/2horizontes.com\/index.php?rest_route=\/wp\/v2\/types\/post"}],"author":[{"embeddable":true,"href":"https:\/\/2horizontes.com\/index.php?rest_route=\/wp\/v2\/users\/7"}],"replies":[{"embeddable":true,"href":"https:\/\/2horizontes.com\/index.php?rest_route=%2Fwp%2Fv2%2Fcomments&post=20982"}],"version-history":[{"count":1,"href":"https:\/\/2horizontes.com\/index.php?rest_route=\/wp\/v2\/posts\/20982\/revisions"}],"predecessor-version":[{"id":20984,"href":"https:\/\/2horizontes.com\/index.php?rest_route=\/wp\/v2\/posts\/20982\/revisions\/20984"}],"wp:featuredmedia":[{"embeddable":true,"href":"https:\/\/2horizontes.com\/index.php?rest_route=\/wp\/v2\/media\/20983"}],"wp:attachment":[{"href":"https:\/\/2horizontes.com\/index.php?rest_route=%2Fwp%2Fv2%2Fmedia&parent=20982"}],"wp:term":[{"taxonomy":"category","embeddable":true,"href":"https:\/\/2horizontes.com\/index.php?rest_route=%2Fwp%2Fv2%2Fcategories&post=20982"},{"taxonomy":"post_tag","embeddable":true,"href":"https:\/\/2horizontes.com\/index.php?rest_route=%2Fwp%2Fv2%2Ftags&post=20982"}],"curies":[{"name":"wp","href":"https:\/\/api.w.org\/{rel}","templated":true}]}}