{"id":20979,"date":"2015-08-20T06:54:31","date_gmt":"2015-08-20T05:54:31","guid":{"rendered":"http:\/\/2horizontes.com\/?p=20979"},"modified":"2015-08-20T06:54:31","modified_gmt":"2015-08-20T05:54:31","slug":"colera-sequia-y-migraciones-abaten-a-haiti","status":"publish","type":"post","link":"https:\/\/2horizontes.com\/?p=20979","title":{"rendered":"C\u00f3lera, sequ\u00eda y migraciones abaten a Hait\u00ed"},"content":{"rendered":"<div id=\"ArticleAuthorDiv\" class=\"article-body-author\"><b>AFP<\/b><\/div>\n<div id=\"ArticleSourceDiv\" class=\"article-body-author\"><b>Washington<\/b><\/div>\n<div id=\"ArticleBody\">\n<p>El La oficina de Naciones Unidas para la coordinaci\u00f3n de asuntos humanitarios (Ocha) manifest\u00f3 su preocupaci\u00f3n por la crisis humanitaria en Hait\u00ed, agravada por el cambio clim\u00e1tico, y pidi\u00f3 ayuda financiera internacional.<\/p>\n<p>\u201cEstamos en una fase de fuerte incremento del c\u00f3lera\u201d, declar\u00f3 Enzo di Taranto, jefe de la Ocha en Hait\u00ed, el pa\u00eds m\u00e1s pobre del continente americano. \u201cEn los primeros meses de 2015 aument\u00f3 un 300% en relaci\u00f3n al mismo periodo de 2014\u201d, dijo di Taranto en referencia al periodo enero-junio.<\/p>\n<p>Seg\u00fan los datos de la oficina de la ONU, cerca de 20.000 personas estuvieron afectadas y 170 murieron por la epidemia desde el inicio del a\u00f1o.<\/p>\n<p>M\u00e1s de 8.800 haitianos murieron de c\u00f3lera desde la aparici\u00f3n de la enfermedad en el pa\u00eds en octubre de 2010 y todav\u00eda hoy s\u00f3lo los casos registrados en Hait\u00ed superan al total de enfermos censados en el resto del planeta.<\/p>\n<p>Sobre una poblaci\u00f3n estimada de 10 millones de habitantes, \u201calrededor de 3 millones de haitianos siguen bebiendo agua de mala calidad\u201d, indica la Ocha.<\/p>\n<p>La situaci\u00f3n humanitaria en el pa\u00eds se agrava debido adem\u00e1s a un incremento de los precios de productos b\u00e1sicos, la sequ\u00eda que golpea varios departamentos del pa\u00eds y la repatriaci\u00f3n de haitianos desde Rep\u00fablica Dominicana.<\/p>\n<p>Tras la aplicaci\u00f3n a finales de junio de una nueva pol\u00edtica de inmigraci\u00f3n en el pa\u00eds vecino, en torno a 60.000 haitianos o personas de origen haitiano se vieron forzados a abandonar Rep\u00fablica Dominicana.<\/p>\n<p>Este flujo migratorio incontrolado ejerce \u201cuna presi\u00f3n demogr\u00e1fica sobre el sistema de sanidad ya de por s\u00ed d\u00e9bil en Hait\u00ed y sobre el abastecimiento de alimentos y agua\u201d, declar\u00f3 Enzo di Taranto.<\/p>\n<p>Los efectos del cambio clim\u00e1tico se sienten a\u00f1o tras a\u00f1o en Hait\u00ed: la sequ\u00eda estival, que normalmente afectaba a los departamentos del norte del pa\u00eds, castiga ahora tambi\u00e9n al sur.<\/p>\n<p>Hait\u00ed, que perdi\u00f3 el 98% de su cobertura forestal, ve c\u00f3mo su agricultura se empobrece con la erosi\u00f3n de los suelos. A causa de esta vulnerabilidad, la corriente de aire caliente \u201cEl Ni\u00f1o\u201d golpea m\u00e1s a Hait\u00ed que a otros pa\u00edses de la regi\u00f3n.<\/p>\n<p>M\u00e1s de cinco a\u00f1os despu\u00e9s del terremoto que mat\u00f3 a m\u00e1s de 100.000 personas, la ayuda financiera internacional para Hait\u00ed est\u00e1 en clara reducci\u00f3n.<\/p>\n<p>La falta de financiamiento amenaza directamente la asistencia a los m\u00e1s de 60.000 damnificados por el se\u00edsmo que viven todav\u00eda hoy en campamentos precarios.<\/p>\n<p>Para llegar a un p\u00fablico m\u00e1s amplio que los financiadores tradicionales, la ONU contempla lanzar en internet una campa\u00f1a de financiamiento participativo (\u201ccrowdfunding\u201d) y movilizar celebridades de la industria del cine, de la m\u00fasica y de la moda. La cantante Beyonc\u00e9 visit\u00f3 en mayo Hait\u00ed durante unas horas.\u00a0\u00a0 En mayo de este a\u00f1o, un alto responsable de la ONU advirti\u00f3 de que Hait\u00ed estaba viviendo un fuerte recrudecimiento del c\u00f3lera.<\/p>\n<p><strong>AMENAZA CONTRA LA REP\u00daBLICA DOMINICANA<\/strong><br \/>\nEn mayo de este a\u00f1o, un alto responsable de la ONU advirti\u00f3 de que Hait\u00ed estaba viviendo un fuerte recrudecimiento de la epidemia del c\u00f3lera que amenaza con socavar los progresos realizados los \u00faltimos a\u00f1os en la lucha contra esta enfermedad.<\/p>\n<p>En una entrevista con la AFP, el coordinador de la lucha contra el c\u00f3lera en ese pa\u00eds, Pedro Medrano, predijo que en 2015 habr\u00e1 \u201cm\u00e1s de 50.000 casos nuevos\u201d y advirti\u00f3 sobre la amenaza de una propagaci\u00f3n a pa\u00edses vecinos como Cuba o Rep\u00fablica Dominicana.<\/p>\n<p>El n\u00famero de afectados hab\u00eda ca\u00eddo de 60.000 en 2013 a 28.000 en 2014. \u201cLamentablemente, por falta de fondos y a causa de la temporada de lluvias, hemos pasado en los \u00faltimos seis meses de 1.000 nuevos casos por mes a cerca de 1.000 casos por semana\u201d.<\/p>\n<\/div>\n","protected":false},"excerpt":{"rendered":"<p>AFP Washington El La oficina de Naciones Unidas para la coordinaci\u00f3n de asuntos humanitarios (Ocha) manifest\u00f3 su preocupaci\u00f3n por la crisis humanitaria en Hait\u00ed, agravada por el cambio clim\u00e1tico, y pidi\u00f3 ayuda financiera internacional. \u201cEstamos en una fase de fuerte incremento del c\u00f3lera\u201d, declar\u00f3 Enzo di Taranto, jefe de la Ocha en Hait\u00ed, el pa\u00eds [&hellip;]<\/p>\n","protected":false},"author":7,"featured_media":20980,"comment_status":"open","ping_status":"open","sticky":false,"template":"","format":"standard","meta":{"footnotes":""},"categories":[47,40],"tags":[],"class_list":["post-20979","post","type-post","status-publish","format-standard","has-post-thumbnail","hentry","category-haiti","category-internacionales"],"_links":{"self":[{"href":"https:\/\/2horizontes.com\/index.php?rest_route=\/wp\/v2\/posts\/20979","targetHints":{"allow":["GET"]}}],"collection":[{"href":"https:\/\/2horizontes.com\/index.php?rest_route=\/wp\/v2\/posts"}],"about":[{"href":"https:\/\/2horizontes.com\/index.php?rest_route=\/wp\/v2\/types\/post"}],"author":[{"embeddable":true,"href":"https:\/\/2horizontes.com\/index.php?rest_route=\/wp\/v2\/users\/7"}],"replies":[{"embeddable":true,"href":"https:\/\/2horizontes.com\/index.php?rest_route=%2Fwp%2Fv2%2Fcomments&post=20979"}],"version-history":[{"count":1,"href":"https:\/\/2horizontes.com\/index.php?rest_route=\/wp\/v2\/posts\/20979\/revisions"}],"predecessor-version":[{"id":20981,"href":"https:\/\/2horizontes.com\/index.php?rest_route=\/wp\/v2\/posts\/20979\/revisions\/20981"}],"wp:featuredmedia":[{"embeddable":true,"href":"https:\/\/2horizontes.com\/index.php?rest_route=\/wp\/v2\/media\/20980"}],"wp:attachment":[{"href":"https:\/\/2horizontes.com\/index.php?rest_route=%2Fwp%2Fv2%2Fmedia&parent=20979"}],"wp:term":[{"taxonomy":"category","embeddable":true,"href":"https:\/\/2horizontes.com\/index.php?rest_route=%2Fwp%2Fv2%2Fcategories&post=20979"},{"taxonomy":"post_tag","embeddable":true,"href":"https:\/\/2horizontes.com\/index.php?rest_route=%2Fwp%2Fv2%2Ftags&post=20979"}],"curies":[{"name":"wp","href":"https:\/\/api.w.org\/{rel}","templated":true}]}}