{"id":20971,"date":"2015-08-20T06:37:30","date_gmt":"2015-08-20T05:37:30","guid":{"rendered":"http:\/\/2horizontes.com\/?p=20971"},"modified":"2015-08-20T06:37:30","modified_gmt":"2015-08-20T05:37:30","slug":"almagro-dice-nadie-va-a-reemplazar-lo-que-perdio-r-d-con-invasion-de-1965","status":"publish","type":"post","link":"https:\/\/2horizontes.com\/?p=20971","title":{"rendered":"Almagro dice nadie va a reemplazar lo que perdi\u00f3 R.D. con invasi\u00f3n de 1965"},"content":{"rendered":"<div id=\"ArticleAuthorDiv\" class=\"article-body-author\"><b>EFE<\/b><\/div>\n<div id=\"ArticleSourceDiv\" class=\"article-body-author\"><b>Montevideo<\/b><\/div>\n<div id=\"ArticleBody\">\n<p>El secretario general de la Organizaci\u00f3n de Estados Americanos (OEA), Luis Almagro, dijo ayer en Montevideo que el organismo ha de \u00ablimpiar algunas manchas hist\u00f3ricas que pueda tener\u00bb e involucrarse en los principales asuntos del continente, que son \u00abdemocracia y derechos humanos\u00bb.<\/p>\n<p>\u00abLa OEA tiene que involucrarse en los principales asuntos del continente, que son de democracia y derechos humanos y que son sensibles para los pa\u00edses, pero tampoco nos podemos esconder detr\u00e1s de un escritorio y papeles\u00bb, asever\u00f3 el excanciller uruguayo en declaraciones a Radio Espectador.<\/p>\n<p>\u00abTenemos que llevar la acci\u00f3n al terreno y generar resultados a partir de esa acci\u00f3n y tenemos que limpiar algunas manchas hist\u00f3ricas que pueda tener la organizaci\u00f3n\u00bb, agreg\u00f3.<\/p>\n<p>Estas declaraciones se producen un d\u00eda despu\u00e9s de que Almagro deplorase en Rep\u00fablica Dominicana los actos de la organizaci\u00f3n interamericana que \u00abvalidaron\u00bb en 1965 la invasi\u00f3n estadounidense en ese pa\u00eds caribe\u00f1o y \u00abla intervenci\u00f3n en este pa\u00eds torciendo el camino soberano elegido por su pueblo\u00bb.<\/p>\n<p>\u00abEso era algo que llev\u00f3 50 a\u00f1os (reconocerlo). Terminar de poner un punto hist\u00f3rico final sobre esto\u00bb, dijo hoy el excanciller.<\/p>\n<p>A su juicio, \u00abnadie va a reemplazar lo que perdi\u00f3 Rep\u00fablica Dominicana ni enderezar el rumbo que se le torci\u00f3 en su momento en su destino pol\u00edtico y soberano pero s\u00ed son responsabilidades que uno tiene que asumir\u00bb.<\/p>\n<p>\u00abComo asumir el di\u00e1logo pol\u00edtico y social en Honduras o enviar una misi\u00f3n para evaluar el tema migratorio entre Rep\u00fablica Dominicana y Hait\u00ed\u00bb, a\u00f1adi\u00f3.<\/p>\n<p>\u00abTenemos que seguir trabajando cada uno de estos temas. Van a generar sensibilidades pero forman parte del papel de la OEA. Y lo importante es que despu\u00e9s de estos casos tenemos resultados y voces positivas respecto al trabajo de la OEA y las soluciones aportadas\u00bb.<\/p>\n<p>Almagro se refiri\u00f3 tambi\u00e9n al restablecimiento de las relaciones entre Cuba y EE.UU., pero se\u00f1al\u00f3 que hasta que este \u00faltimo pa\u00eds no levante el embargo \u00abtodo va a ser a marchas forzadas\u00bb y las dificultades de ir construyendo mejores condiciones econ\u00f3micas en la isla \u00abvan a estar limitadas\u00bb.<\/p>\n<p>\u00abEl papel de la OEA va a ser de expectativa y con iniciativa de construir una agenda de di\u00e1logo que nos permita ir resolviendo algunos de los principales temas o dificultades que puede tener Cuba para su reingreso pleno al sistema interamericano\u00bb, lo que, seg\u00fan dio, \u00abno es f\u00e1cil\u00bb.<\/p>\n<p>A su juicio, la de ahora \u00abes una agenda regional y global intensa pero que tiene siempre aspectos positivos y sustanciales\u00bb.<\/p>\n<p>\u00abEl giro que han tenido las relaciones entre EE.UU. y Cuba lo demuestra y eso un poco marca el resto del dialogo en la regi\u00f3n y elimina uno de los principales problemas hemisf\u00e9ricos\u00bb, agreg\u00f3.<\/p>\n<p>Almagro fue consultado tambi\u00e9n por las cr\u00edticas que recibi\u00f3 del Gobierno venezolano por haber recibido en Washington al opositor y excandidato presidencial venezolano Henrique Capriles, quien pidi\u00f3 al organismo que env\u00ede observadores a las elecciones legislativas de diciembre para garantizar la \u00abtransparencia\u00bb.<\/p>\n<p>\u00abEl presidente (Nicol\u00e1s) Maduro, un domingo previo a la reuni\u00f3n que yo iba a tener con Capriles el lunes me plante\u00f3 una disyuntiva pero de una manera muy educada y nosotros lo tomamos de tal forma\u00bb, dijo Almagro sobre el tema.<\/p>\n<p>\u00abTen\u00edamos esa reuni\u00f3n agendada y para nosotros era importante porque nosotros hab\u00edamos dicho cuando asum\u00ed que \u00edbamos a ser Gobierno y oposici\u00f3n, que \u00edbamos a ser la voz del que no ten\u00eda voz y el m\u00e1s discriminado de los discriminados y que \u00edbamos a trabajar por condiciones de igualdad para todos en materia de derechos\u00bb, indic\u00f3.<\/p>\n<p>Almagro se encuentra hoy en Montevideo para participar en el seminario internacional \u00abNuevos enfoques en pol\u00edticas de drogas en el siglo XXI\u00bb.<\/p>\n<\/div>\n","protected":false},"excerpt":{"rendered":"<p>EFE Montevideo El secretario general de la Organizaci\u00f3n de Estados Americanos (OEA), Luis Almagro, dijo ayer en Montevideo que el organismo ha de \u00ablimpiar algunas manchas hist\u00f3ricas que pueda tener\u00bb e involucrarse en los principales asuntos del continente, que son \u00abdemocracia y derechos humanos\u00bb. \u00abLa OEA tiene que involucrarse en los principales asuntos del continente, [&hellip;]<\/p>\n","protected":false},"author":7,"featured_media":20972,"comment_status":"open","ping_status":"open","sticky":false,"template":"","format":"standard","meta":{"footnotes":""},"categories":[40,44],"tags":[],"class_list":["post-20971","post","type-post","status-publish","format-standard","has-post-thumbnail","hentry","category-internacionales","category-republica-dominicana"],"_links":{"self":[{"href":"https:\/\/2horizontes.com\/index.php?rest_route=\/wp\/v2\/posts\/20971","targetHints":{"allow":["GET"]}}],"collection":[{"href":"https:\/\/2horizontes.com\/index.php?rest_route=\/wp\/v2\/posts"}],"about":[{"href":"https:\/\/2horizontes.com\/index.php?rest_route=\/wp\/v2\/types\/post"}],"author":[{"embeddable":true,"href":"https:\/\/2horizontes.com\/index.php?rest_route=\/wp\/v2\/users\/7"}],"replies":[{"embeddable":true,"href":"https:\/\/2horizontes.com\/index.php?rest_route=%2Fwp%2Fv2%2Fcomments&post=20971"}],"version-history":[{"count":1,"href":"https:\/\/2horizontes.com\/index.php?rest_route=\/wp\/v2\/posts\/20971\/revisions"}],"predecessor-version":[{"id":20973,"href":"https:\/\/2horizontes.com\/index.php?rest_route=\/wp\/v2\/posts\/20971\/revisions\/20973"}],"wp:featuredmedia":[{"embeddable":true,"href":"https:\/\/2horizontes.com\/index.php?rest_route=\/wp\/v2\/media\/20972"}],"wp:attachment":[{"href":"https:\/\/2horizontes.com\/index.php?rest_route=%2Fwp%2Fv2%2Fmedia&parent=20971"}],"wp:term":[{"taxonomy":"category","embeddable":true,"href":"https:\/\/2horizontes.com\/index.php?rest_route=%2Fwp%2Fv2%2Fcategories&post=20971"},{"taxonomy":"post_tag","embeddable":true,"href":"https:\/\/2horizontes.com\/index.php?rest_route=%2Fwp%2Fv2%2Ftags&post=20971"}],"curies":[{"name":"wp","href":"https:\/\/api.w.org\/{rel}","templated":true}]}}