{"id":20918,"date":"2015-08-19T18:08:17","date_gmt":"2015-08-19T17:08:17","guid":{"rendered":"http:\/\/2horizontes.com\/?p=20918"},"modified":"2015-08-19T18:08:17","modified_gmt":"2015-08-19T17:08:17","slug":"en-moca-apresan-a-dos-hombres-en-punto-de-droga-con-328-porciones","status":"publish","type":"post","link":"https:\/\/2horizontes.com\/?p=20918","title":{"rendered":"En Moca apresan a dos hombres en punto de droga con 328 porciones"},"content":{"rendered":"<p class=\"ecxmsonormal\"><span lang=\"ES\">RD- MOCA-Agentes de la Direcci\u00f3n Central de Antinarc\u00f3ticos (Dicam)\u00a0 apresaron la ma\u00f1ana \u00a0de este mi\u00e9rcoles a dos hombres durante un operativo en un punto de drogas en Moca, a quienes se les ocup\u00f3 328 porciones de distintas drogas.<\/span><\/p>\n<p class=\"ecxmsonormal\">Los detenidos son Inocencio Antonio Rodr\u00edguez Almonte y Rafael Rodr\u00edguez Cabrera, de 40 y 32 a\u00f1os de edad, respectivamente, residentes en el barrio Sal si Puedes, de dicha localidad.<\/p>\n<p class=\"ecxmsonormal\">A Rodr\u00edguez Almonte se le ocup\u00f3 209 porciones de un material rocoso, que se presume crack, mientras que a Rodr\u00edguez Cabrera 119 porciones de un vegetal verde, presumiblemente marihuana.<\/p>\n<p class=\"ecxmsonormal\">Los apresados, vinculados con la venta y distribuci\u00f3n de estupefacientes en barrios y urbanizaciones de la provincia Espaillat, ser\u00e1n puestos a disposici\u00f3n de la justicia.<\/p>\n<p>&nbsp;<\/p>\n","protected":false},"excerpt":{"rendered":"<p>RD- MOCA-Agentes de la Direcci\u00f3n Central de Antinarc\u00f3ticos (Dicam)\u00a0 apresaron la ma\u00f1ana \u00a0de este mi\u00e9rcoles a dos hombres durante un operativo en un punto de drogas en Moca, a quienes se les ocup\u00f3 328 porciones de distintas drogas. Los detenidos son Inocencio Antonio Rodr\u00edguez Almonte y Rafael Rodr\u00edguez Cabrera, de 40 y 32 a\u00f1os de [&hellip;]<\/p>\n","protected":false},"author":8,"featured_media":20919,"comment_status":"open","ping_status":"open","sticky":false,"template":"","format":"standard","meta":{"footnotes":""},"categories":[53,44],"tags":[],"class_list":["post-20918","post","type-post","status-publish","format-standard","has-post-thumbnail","hentry","category-provincias","category-republica-dominicana"],"_links":{"self":[{"href":"https:\/\/2horizontes.com\/index.php?rest_route=\/wp\/v2\/posts\/20918","targetHints":{"allow":["GET"]}}],"collection":[{"href":"https:\/\/2horizontes.com\/index.php?rest_route=\/wp\/v2\/posts"}],"about":[{"href":"https:\/\/2horizontes.com\/index.php?rest_route=\/wp\/v2\/types\/post"}],"author":[{"embeddable":true,"href":"https:\/\/2horizontes.com\/index.php?rest_route=\/wp\/v2\/users\/8"}],"replies":[{"embeddable":true,"href":"https:\/\/2horizontes.com\/index.php?rest_route=%2Fwp%2Fv2%2Fcomments&post=20918"}],"version-history":[{"count":1,"href":"https:\/\/2horizontes.com\/index.php?rest_route=\/wp\/v2\/posts\/20918\/revisions"}],"predecessor-version":[{"id":20920,"href":"https:\/\/2horizontes.com\/index.php?rest_route=\/wp\/v2\/posts\/20918\/revisions\/20920"}],"wp:featuredmedia":[{"embeddable":true,"href":"https:\/\/2horizontes.com\/index.php?rest_route=\/wp\/v2\/media\/20919"}],"wp:attachment":[{"href":"https:\/\/2horizontes.com\/index.php?rest_route=%2Fwp%2Fv2%2Fmedia&parent=20918"}],"wp:term":[{"taxonomy":"category","embeddable":true,"href":"https:\/\/2horizontes.com\/index.php?rest_route=%2Fwp%2Fv2%2Fcategories&post=20918"},{"taxonomy":"post_tag","embeddable":true,"href":"https:\/\/2horizontes.com\/index.php?rest_route=%2Fwp%2Fv2%2Ftags&post=20918"}],"curies":[{"name":"wp","href":"https:\/\/api.w.org\/{rel}","templated":true}]}}