{"id":20902,"date":"2015-08-19T17:19:47","date_gmt":"2015-08-19T16:19:47","guid":{"rendered":"http:\/\/2horizontes.com\/?p=20902"},"modified":"2015-08-19T17:19:47","modified_gmt":"2015-08-19T16:19:47","slug":"deportan-desde-pr-a-rd-a-tono-lena","status":"publish","type":"post","link":"https:\/\/2horizontes.com\/?p=20902","title":{"rendered":"Deportan desde PR a RD a To\u00f1o Le\u00f1a"},"content":{"rendered":"<p>RD- SANTO DOMINGO-El ex narcotraficante Ram\u00f3n Antonio del Rosario Puente (To\u00f1o Le\u00f1a) lleg\u00f3 deportado al pa\u00eds, este martes, luego de cumplir una condena de m\u00e1s de tres a\u00f1os, en San Juan, Puerto Rico y Estados Unidos, de una sentencia de cinco a\u00f1os que le impusieron acusado de haber introducido a Puerto Rico m\u00e1s de 20 mil kilos de coca\u00edna procedente de la Rep\u00fablica Dominicana.<\/p>\n<p>To\u00f1o Le\u00f1a arrib\u00f3 al pa\u00eds en un avi\u00f3n del Servicio de Inmigraci\u00f3n y Control de Aduanas, de los Estados Unidos, junto a un grupo de 39 ex convictos que tambi\u00e9n cumplieron condenas por diversos delitos en territorio norteamericano.<\/p>\n<p>La aeronave en que lleg\u00f3 el ex capo al pa\u00eds, estaba prevista aterrizar a la 1:45 minutos de la tarde de este martes por el \u00e1rea de carga del aeropuerto Las Am\u00e9ricas. Sin embargo, \u00e9ste arrib\u00f3 casi tres horas antes, a las 10:20 de la ma\u00f1ana.<\/p>\n<p>Seg\u00fan los informes la aeronave sali\u00f3 desde Miami, Florida, con los 39 exconvictos e hizo escala en Puerto Rico, donde fue montado \u201cTo\u00f1o Lena, para su deportaci\u00f3n a la Rep\u00fablica Dominicana\u201d.<\/p>\n<p>En tanto que en el \u00e1rea noroeste de rampa del aeropuerto donde fue ubicado el avi\u00f3n, fue montado un operativo de seguridad por miembros del Cuerpo Especializado en Seguridad Aeroportuaria y de la Aviaci\u00f3n Civil (CESAC), del Departamento Nacional de Investigaciones (DNI), de la Direcci\u00f3n Nacional de Control de Drogas (DNCD) como medida preventiva de seguridad.<\/p>\n","protected":false},"excerpt":{"rendered":"<p>RD- SANTO DOMINGO-El ex narcotraficante Ram\u00f3n Antonio del Rosario Puente (To\u00f1o Le\u00f1a) lleg\u00f3 deportado al pa\u00eds, este martes, luego de cumplir una condena de m\u00e1s de tres a\u00f1os, en San Juan, Puerto Rico y Estados Unidos, de una sentencia de cinco a\u00f1os que le impusieron acusado de haber introducido a Puerto Rico m\u00e1s de 20 [&hellip;]<\/p>\n","protected":false},"author":8,"featured_media":20903,"comment_status":"open","ping_status":"open","sticky":false,"template":"","format":"standard","meta":{"footnotes":""},"categories":[44],"tags":[],"class_list":["post-20902","post","type-post","status-publish","format-standard","has-post-thumbnail","hentry","category-republica-dominicana"],"_links":{"self":[{"href":"https:\/\/2horizontes.com\/index.php?rest_route=\/wp\/v2\/posts\/20902","targetHints":{"allow":["GET"]}}],"collection":[{"href":"https:\/\/2horizontes.com\/index.php?rest_route=\/wp\/v2\/posts"}],"about":[{"href":"https:\/\/2horizontes.com\/index.php?rest_route=\/wp\/v2\/types\/post"}],"author":[{"embeddable":true,"href":"https:\/\/2horizontes.com\/index.php?rest_route=\/wp\/v2\/users\/8"}],"replies":[{"embeddable":true,"href":"https:\/\/2horizontes.com\/index.php?rest_route=%2Fwp%2Fv2%2Fcomments&post=20902"}],"version-history":[{"count":1,"href":"https:\/\/2horizontes.com\/index.php?rest_route=\/wp\/v2\/posts\/20902\/revisions"}],"predecessor-version":[{"id":20904,"href":"https:\/\/2horizontes.com\/index.php?rest_route=\/wp\/v2\/posts\/20902\/revisions\/20904"}],"wp:featuredmedia":[{"embeddable":true,"href":"https:\/\/2horizontes.com\/index.php?rest_route=\/wp\/v2\/media\/20903"}],"wp:attachment":[{"href":"https:\/\/2horizontes.com\/index.php?rest_route=%2Fwp%2Fv2%2Fmedia&parent=20902"}],"wp:term":[{"taxonomy":"category","embeddable":true,"href":"https:\/\/2horizontes.com\/index.php?rest_route=%2Fwp%2Fv2%2Fcategories&post=20902"},{"taxonomy":"post_tag","embeddable":true,"href":"https:\/\/2horizontes.com\/index.php?rest_route=%2Fwp%2Fv2%2Ftags&post=20902"}],"curies":[{"name":"wp","href":"https:\/\/api.w.org\/{rel}","templated":true}]}}