{"id":20893,"date":"2015-08-19T16:57:31","date_gmt":"2015-08-19T15:57:31","guid":{"rendered":"http:\/\/2horizontes.com\/?p=20893"},"modified":"2015-08-19T16:57:31","modified_gmt":"2015-08-19T15:57:31","slug":"canciller-rd-firmara-acuerdo-migratorio-con-panama-rd","status":"publish","type":"post","link":"https:\/\/2horizontes.com\/?p=20893","title":{"rendered":"Canciller RD firmar\u00e1 acuerdo migratorio con Panam\u00e1 RD"},"content":{"rendered":"<p>SANTO DOMINGO.- El ministro de Relaciones Exteriores de la Rep\u00fablica Dominicana, Andr\u00e9s Navarro, firmar\u00e1 este jueves un acuerdo migratorio con su hom\u00f3loga de Panam\u00e1 para que la visa que emite ese Gobierno para los dominicanos deje de ser consultada, y pase a ser ordinaria.<\/p>\n<p>\u201cLa visa hacia Panam\u00e1 es una visa consultada, quiere decir que no se otorga desde aqu\u00ed, sino que hay que enviarla a Panam\u00e1\u201d, explic\u00f3 Navarro, quien consider\u00f3 ese proceso como discriminatorio.<\/p>\n","protected":false},"excerpt":{"rendered":"<p>SANTO DOMINGO.- El ministro de Relaciones Exteriores de la Rep\u00fablica Dominicana, Andr\u00e9s Navarro, firmar\u00e1 este jueves un acuerdo migratorio con su hom\u00f3loga de Panam\u00e1 para que la visa que emite ese Gobierno para los dominicanos deje de ser consultada, y pase a ser ordinaria. \u201cLa visa hacia Panam\u00e1 es una visa consultada, quiere decir que [&hellip;]<\/p>\n","protected":false},"author":8,"featured_media":20894,"comment_status":"open","ping_status":"open","sticky":false,"template":"","format":"standard","meta":{"footnotes":""},"categories":[44],"tags":[],"class_list":["post-20893","post","type-post","status-publish","format-standard","has-post-thumbnail","hentry","category-republica-dominicana"],"_links":{"self":[{"href":"https:\/\/2horizontes.com\/index.php?rest_route=\/wp\/v2\/posts\/20893","targetHints":{"allow":["GET"]}}],"collection":[{"href":"https:\/\/2horizontes.com\/index.php?rest_route=\/wp\/v2\/posts"}],"about":[{"href":"https:\/\/2horizontes.com\/index.php?rest_route=\/wp\/v2\/types\/post"}],"author":[{"embeddable":true,"href":"https:\/\/2horizontes.com\/index.php?rest_route=\/wp\/v2\/users\/8"}],"replies":[{"embeddable":true,"href":"https:\/\/2horizontes.com\/index.php?rest_route=%2Fwp%2Fv2%2Fcomments&post=20893"}],"version-history":[{"count":1,"href":"https:\/\/2horizontes.com\/index.php?rest_route=\/wp\/v2\/posts\/20893\/revisions"}],"predecessor-version":[{"id":20895,"href":"https:\/\/2horizontes.com\/index.php?rest_route=\/wp\/v2\/posts\/20893\/revisions\/20895"}],"wp:featuredmedia":[{"embeddable":true,"href":"https:\/\/2horizontes.com\/index.php?rest_route=\/wp\/v2\/media\/20894"}],"wp:attachment":[{"href":"https:\/\/2horizontes.com\/index.php?rest_route=%2Fwp%2Fv2%2Fmedia&parent=20893"}],"wp:term":[{"taxonomy":"category","embeddable":true,"href":"https:\/\/2horizontes.com\/index.php?rest_route=%2Fwp%2Fv2%2Fcategories&post=20893"},{"taxonomy":"post_tag","embeddable":true,"href":"https:\/\/2horizontes.com\/index.php?rest_route=%2Fwp%2Fv2%2Ftags&post=20893"}],"curies":[{"name":"wp","href":"https:\/\/api.w.org\/{rel}","templated":true}]}}