{"id":20884,"date":"2015-08-19T16:34:16","date_gmt":"2015-08-19T15:34:16","guid":{"rendered":"http:\/\/2horizontes.com\/?p=20884"},"modified":"2015-08-19T16:34:16","modified_gmt":"2015-08-19T15:34:16","slug":"rd-sigue-repatriaciones-consul-haiti-ve-se-hacen-con-respeto","status":"publish","type":"post","link":"https:\/\/2horizontes.com\/?p=20884","title":{"rendered":"RD sigue repatriaciones; C\u00f3nsul Haiti ve se hacen con respeto"},"content":{"rendered":"<p>RD-DAJABON.- Inspectores de la Direcci\u00f3n General de Migraci\u00f3n han apresado y repatriado a varios haitianos indocumentados en los \u00faltimos d\u00edas en esta provincia, confirm\u00f3 el c\u00f3nsul de Hait\u00ed, Noll Lukmen.<\/p>\n<p>Dijo que \u201cel pasado s\u00e1bado fueron deportados 18 haitianos que hab\u00edan sido detenidos en Santiago de los Caballeros\u201d.<\/p>\n<p>Reconoci\u00f3, sin embargo, que no ha habido quejas de que los derechos de sus conciudadanos hayan sido violados al momento de su detenci\u00f3n.<\/p>\n<p>\u201cLas repatriaciones de mis compatriotas se debi\u00f3 a que se encontraban de manera irregular en territorio dominicano\u201d, explic\u00f3 Lukmen a trav\u00e9s de un int\u00e9rprete.<\/p>\n<p>Declar\u00f3 que la salida voluntaria de sus compatriotas ha continuado por Dajab\u00f3n y otras zonas fronterizas.<\/p>\n","protected":false},"excerpt":{"rendered":"<p>RD-DAJABON.- Inspectores de la Direcci\u00f3n General de Migraci\u00f3n han apresado y repatriado a varios haitianos indocumentados en los \u00faltimos d\u00edas en esta provincia, confirm\u00f3 el c\u00f3nsul de Hait\u00ed, Noll Lukmen. Dijo que \u201cel pasado s\u00e1bado fueron deportados 18 haitianos que hab\u00edan sido detenidos en Santiago de los Caballeros\u201d. Reconoci\u00f3, sin embargo, que no ha habido [&hellip;]<\/p>\n","protected":false},"author":8,"featured_media":20885,"comment_status":"open","ping_status":"open","sticky":false,"template":"","format":"standard","meta":{"footnotes":""},"categories":[54,47,53,44],"tags":[],"class_list":["post-20884","post","type-post","status-publish","format-standard","has-post-thumbnail","hentry","category-emigrantes","category-haiti","category-provincias","category-republica-dominicana"],"_links":{"self":[{"href":"https:\/\/2horizontes.com\/index.php?rest_route=\/wp\/v2\/posts\/20884","targetHints":{"allow":["GET"]}}],"collection":[{"href":"https:\/\/2horizontes.com\/index.php?rest_route=\/wp\/v2\/posts"}],"about":[{"href":"https:\/\/2horizontes.com\/index.php?rest_route=\/wp\/v2\/types\/post"}],"author":[{"embeddable":true,"href":"https:\/\/2horizontes.com\/index.php?rest_route=\/wp\/v2\/users\/8"}],"replies":[{"embeddable":true,"href":"https:\/\/2horizontes.com\/index.php?rest_route=%2Fwp%2Fv2%2Fcomments&post=20884"}],"version-history":[{"count":1,"href":"https:\/\/2horizontes.com\/index.php?rest_route=\/wp\/v2\/posts\/20884\/revisions"}],"predecessor-version":[{"id":20886,"href":"https:\/\/2horizontes.com\/index.php?rest_route=\/wp\/v2\/posts\/20884\/revisions\/20886"}],"wp:featuredmedia":[{"embeddable":true,"href":"https:\/\/2horizontes.com\/index.php?rest_route=\/wp\/v2\/media\/20885"}],"wp:attachment":[{"href":"https:\/\/2horizontes.com\/index.php?rest_route=%2Fwp%2Fv2%2Fmedia&parent=20884"}],"wp:term":[{"taxonomy":"category","embeddable":true,"href":"https:\/\/2horizontes.com\/index.php?rest_route=%2Fwp%2Fv2%2Fcategories&post=20884"},{"taxonomy":"post_tag","embeddable":true,"href":"https:\/\/2horizontes.com\/index.php?rest_route=%2Fwp%2Fv2%2Ftags&post=20884"}],"curies":[{"name":"wp","href":"https:\/\/api.w.org\/{rel}","templated":true}]}}