{"id":20841,"date":"2015-08-19T14:51:39","date_gmt":"2015-08-19T13:51:39","guid":{"rendered":"http:\/\/2horizontes.com\/?p=20841"},"modified":"2015-08-19T14:51:39","modified_gmt":"2015-08-19T13:51:39","slug":"ecuador-sigue-revuelto-por-reclamos-indigenas","status":"publish","type":"post","link":"https:\/\/2horizontes.com\/?p=20841","title":{"rendered":"Ecuador sigue revuelto por reclamos ind\u00edgenas"},"content":{"rendered":"<div id=\"ArticleAuthorDiv\" class=\"article-body-author\"><b>AFP<\/b><\/div>\n<div id=\"ArticleSourceDiv\" class=\"article-body-author\"><b>QUITO, Ecuador<\/b><\/div>\n<div id=\"ArticleBody\">\n<p>Despu\u00e9s de a\u00f1os de relativa calma social, Ecuador volvi\u00f3 a un estado de agitaci\u00f3n permanente con cierres de rutas y protestas ind\u00edgenas contra el presidente Rafael Correa, que en una semana dejan casi cien heridos y 111 detenidos.<\/p>\n<p>La Confederaci\u00f3n de Nacionalidades Ind\u00edgenas del Ecuador (Conaie), la principal organizaci\u00f3n ind\u00edgena opuesta a Correa, que en el pasado fue capaz de tumbar gobiernos con sus movilizaciones, volvi\u00f3 a hacer sentir su fuerza. En las carreteras, obstruidas con enormes piedras y \u00e1rboles talados, ind\u00edgenas enfurecidos enfrentan a polic\u00edas y militares que a punta de gases lacrim\u00f3- genos y escudos protectores buscan despejarlas. En Quito las marchas diarias se multiplican, unas m\u00e1s concurridas que otras.<\/p>\n<p>Parece una imagen del pasado convulso de Ecuador, pero es el presente, al que el pa\u00eds deber\u00e1 habituarse si el gobierno de Correa -advierte un l\u00edder ind\u00edgena- no anula leyes o iniciativas que en la pr\u00e1ctica le han restado poder a los nativos para controlar la educaci\u00f3n, el agua y la tierra en sus territorios.<\/p>\n<p>\u201cEl levantamiento va a continuar, ya estamos levantados, no vamos a arrodillarnos, a sentarnos siquiera.<\/p>\n<p>Si hay que descansar un poquito para volver con m\u00e1s fuerza\u201d lo haremos, se\u00f1al\u00f3 el martes a periodistas Carlos P\u00e9rez, dirigente de Ecuarunari, grupo que aglutina a ind\u00edgenas quichuas.<\/p>\n<p>Junto con esos reclamos hay uno en el que confluyen ind\u00edgenas, sindicatos y opositores de derecha: el archivo de la enmienda constitucional que debe aprobar en diciembre el Congreso, de mayor\u00eda oficialista, y que permitir\u00eda a Correa postularse a un nuevo mandato en 2017. Esta agitaci\u00f3n no hab\u00eda sido experimentada por este gobierno de ocho a\u00f1os, pero coincide con el dif\u00edcil panorama econ\u00f3mico que enfrenta el pa\u00eds.<\/p>\n<\/div>\n","protected":false},"excerpt":{"rendered":"<p>AFP QUITO, Ecuador Despu\u00e9s de a\u00f1os de relativa calma social, Ecuador volvi\u00f3 a un estado de agitaci\u00f3n permanente con cierres de rutas y protestas ind\u00edgenas contra el presidente Rafael Correa, que en una semana dejan casi cien heridos y 111 detenidos. La Confederaci\u00f3n de Nacionalidades Ind\u00edgenas del Ecuador (Conaie), la principal organizaci\u00f3n ind\u00edgena opuesta a [&hellip;]<\/p>\n","protected":false},"author":7,"featured_media":20842,"comment_status":"open","ping_status":"open","sticky":false,"template":"","format":"standard","meta":{"footnotes":""},"categories":[40],"tags":[],"class_list":["post-20841","post","type-post","status-publish","format-standard","has-post-thumbnail","hentry","category-internacionales"],"_links":{"self":[{"href":"https:\/\/2horizontes.com\/index.php?rest_route=\/wp\/v2\/posts\/20841","targetHints":{"allow":["GET"]}}],"collection":[{"href":"https:\/\/2horizontes.com\/index.php?rest_route=\/wp\/v2\/posts"}],"about":[{"href":"https:\/\/2horizontes.com\/index.php?rest_route=\/wp\/v2\/types\/post"}],"author":[{"embeddable":true,"href":"https:\/\/2horizontes.com\/index.php?rest_route=\/wp\/v2\/users\/7"}],"replies":[{"embeddable":true,"href":"https:\/\/2horizontes.com\/index.php?rest_route=%2Fwp%2Fv2%2Fcomments&post=20841"}],"version-history":[{"count":2,"href":"https:\/\/2horizontes.com\/index.php?rest_route=\/wp\/v2\/posts\/20841\/revisions"}],"predecessor-version":[{"id":20844,"href":"https:\/\/2horizontes.com\/index.php?rest_route=\/wp\/v2\/posts\/20841\/revisions\/20844"}],"wp:featuredmedia":[{"embeddable":true,"href":"https:\/\/2horizontes.com\/index.php?rest_route=\/wp\/v2\/media\/20842"}],"wp:attachment":[{"href":"https:\/\/2horizontes.com\/index.php?rest_route=%2Fwp%2Fv2%2Fmedia&parent=20841"}],"wp:term":[{"taxonomy":"category","embeddable":true,"href":"https:\/\/2horizontes.com\/index.php?rest_route=%2Fwp%2Fv2%2Fcategories&post=20841"},{"taxonomy":"post_tag","embeddable":true,"href":"https:\/\/2horizontes.com\/index.php?rest_route=%2Fwp%2Fv2%2Ftags&post=20841"}],"curies":[{"name":"wp","href":"https:\/\/api.w.org\/{rel}","templated":true}]}}