{"id":20775,"date":"2015-08-19T02:44:27","date_gmt":"2015-08-19T01:44:27","guid":{"rendered":"http:\/\/2horizontes.com\/?p=20775"},"modified":"2015-08-19T02:44:27","modified_gmt":"2015-08-19T01:44:27","slug":"padres-y-estudiantes-reclaman-construccion-de-carretera-comunica-a-escuela-rd","status":"publish","type":"post","link":"https:\/\/2horizontes.com\/?p=20775","title":{"rendered":"Padres y estudiantes reclaman construcci\u00f3n de carretera comunica a escuela RD"},"content":{"rendered":"<p>RD- LA VICTORIA-Cientos de ni\u00f1os y ni\u00f1as en compa\u00f1\u00eda de sus padres obstaculizaron hoy con una manifestaci\u00f3n el tr\u00e1nsito de la calle principal del Distrito Municipal de La Victoria, en demanda de la construcci\u00f3n de la deteriorada calle Mutualismo, donde se encuentra ubicada la reci\u00e9n inaugurada escuela b\u00e1sica Felita Eleuteria.<\/p>\n<p>Los moradores del sector hicieron un llamado directamente al presidente Danilo Medina, ya que aseguraron que la escuela fue inaugurada desde Jiman\u00ed, por lo que Medina no est\u00e1 consciente del deterioro de la v\u00eda.<\/p>\n<p>Wendy, quien es madre de un ni\u00f1o que fue trasladado de la escuela b\u00e1sica Padre Garc\u00eda a la nueva, dijo que les entregaron una escuela totalmente nueva y equipada, pero no hay forma de acceder a ella.<\/p>\n<p>\u201cNosotros estamos haciendo un reclamo a Danilo Medina porque la ingeniera se fue y dijo que no ten\u00eda que ver con la calle. No es posible que ayer se haya iniciado el a\u00f1o escolar y ya muchos de los zapatos de los ni\u00f1os est\u00e9n deteriorados por la mala condici\u00f3n de la carretera, la cual est\u00e1 llena de lodo\u201d, expres\u00f3.<\/p>\n<p>De su lado, Daniel Cuello, padre de otro ni\u00f1o, expres\u00f3 que entregaron la escuela y no hicieron ni aceras para que los infantes puedan dirigirse al centro educativo.<\/p>\n<p>\u201cYo soy un padre que pude comprar un solo pantal\u00f3n al ni\u00f1o, y si \u00e9l se me cae ah\u00ed en ese lodo no va a poder volver a la escuela. Nosotros queremos que nos resuelvan ese problema, porque los ni\u00f1os no pueden estar yendo as\u00ed para la escuela\u201d, manifest\u00f3 Cuello.<\/p>\n<p>Los moradores dijeron que ese centro educativo es el \u00fanico que trabaja actualmente con la tanda extendida, pero entienden que la comunidad no est\u00e1 preparada para eso.<\/p>\n<p>\u201cNosotros queremos que nos devuelvan a nuestros hijos a la escuela Padre Garc\u00eda, donde ellos estudiaban. Ah\u00ed hay dos tandas y por lo menos nos sent\u00edamos bien con ellos ah\u00ed, por eso queremos que la directora de esa escuela, Aurora Araujo, nos acepte a nuestros hijos\u201d, expresaron.<\/p>\n<p>Al transcurrir dos horas en la manifestaci\u00f3n, ya solo quedaban los adultos en el reclamo, por lo que hubo un forcejeo entre ellos y miembros de la Polic\u00eda Nacional, los cuales respondieron tirando tiros al aire y lanzando bombas lacrim\u00f3genas.<\/p>\n<p>Los padres amenazaron con no mandar sus hijos a la escuela hasta ver la calle totalmente acondicionada para ser transitada por los ni\u00f1os de la localidad<\/p>\n","protected":false},"excerpt":{"rendered":"<p>RD- LA VICTORIA-Cientos de ni\u00f1os y ni\u00f1as en compa\u00f1\u00eda de sus padres obstaculizaron hoy con una manifestaci\u00f3n el tr\u00e1nsito de la calle principal del Distrito Municipal de La Victoria, en demanda de la construcci\u00f3n de la deteriorada calle Mutualismo, donde se encuentra ubicada la reci\u00e9n inaugurada escuela b\u00e1sica Felita Eleuteria. Los moradores del sector hicieron [&hellip;]<\/p>\n","protected":false},"author":8,"featured_media":20776,"comment_status":"open","ping_status":"open","sticky":false,"template":"","format":"standard","meta":{"footnotes":""},"categories":[55,43,44],"tags":[],"class_list":["post-20775","post","type-post","status-publish","format-standard","has-post-thumbnail","hentry","category-educacion","category-politica","category-republica-dominicana"],"_links":{"self":[{"href":"https:\/\/2horizontes.com\/index.php?rest_route=\/wp\/v2\/posts\/20775","targetHints":{"allow":["GET"]}}],"collection":[{"href":"https:\/\/2horizontes.com\/index.php?rest_route=\/wp\/v2\/posts"}],"about":[{"href":"https:\/\/2horizontes.com\/index.php?rest_route=\/wp\/v2\/types\/post"}],"author":[{"embeddable":true,"href":"https:\/\/2horizontes.com\/index.php?rest_route=\/wp\/v2\/users\/8"}],"replies":[{"embeddable":true,"href":"https:\/\/2horizontes.com\/index.php?rest_route=%2Fwp%2Fv2%2Fcomments&post=20775"}],"version-history":[{"count":1,"href":"https:\/\/2horizontes.com\/index.php?rest_route=\/wp\/v2\/posts\/20775\/revisions"}],"predecessor-version":[{"id":20777,"href":"https:\/\/2horizontes.com\/index.php?rest_route=\/wp\/v2\/posts\/20775\/revisions\/20777"}],"wp:featuredmedia":[{"embeddable":true,"href":"https:\/\/2horizontes.com\/index.php?rest_route=\/wp\/v2\/media\/20776"}],"wp:attachment":[{"href":"https:\/\/2horizontes.com\/index.php?rest_route=%2Fwp%2Fv2%2Fmedia&parent=20775"}],"wp:term":[{"taxonomy":"category","embeddable":true,"href":"https:\/\/2horizontes.com\/index.php?rest_route=%2Fwp%2Fv2%2Fcategories&post=20775"},{"taxonomy":"post_tag","embeddable":true,"href":"https:\/\/2horizontes.com\/index.php?rest_route=%2Fwp%2Fv2%2Ftags&post=20775"}],"curies":[{"name":"wp","href":"https:\/\/api.w.org\/{rel}","templated":true}]}}