{"id":20562,"date":"2015-08-17T15:55:24","date_gmt":"2015-08-17T14:55:24","guid":{"rendered":"http:\/\/2horizontes.com\/?p=20562"},"modified":"2015-08-17T15:55:24","modified_gmt":"2015-08-17T14:55:24","slug":"cabo-pn-mata-dos-de-6-habrian-intentado-robarle-su-motor-la-vega-rd","status":"publish","type":"post","link":"https:\/\/2horizontes.com\/?p=20562","title":{"rendered":"Cabo PN mata dos de 6 habr\u00edan intentado robarle su motor La Vega RD"},"content":{"rendered":"<p>RD-LA VEGA, Rep\u00fablica Dominicana.- Un cabo de la Polic\u00eda mat\u00f3 a 2 de seis hombres que, supuestamente, intentaron asaltarlo para despojarlo de una motocicleta en la que se desplazaba por el sector Burende, de aqu\u00ed.<\/p>\n<p>Los muertos son Jos\u00e9 Miguel Ojeda Rosario, de 21 a\u00f1os, y Francisco Xavier Santos de Jes\u00fas, de 22, y el cabo policial Enmanuel Beato Robles, de 27.<\/p>\n<p>Los hoy occisos se desplazaban en motocicletas junto a otras personas que lograron escapar. En su poder fue ocupada una escopeta calibre 12, un rev\u00f3lver Taurus y la motocicleta CG150, negra, en que se desplazaban.<\/p>\n<p>La Polic\u00eda inform\u00f3 que Ojeda Rosario y Francisco Santos de Jes\u00fas fueron identificados por el ciudadano Jos\u00e9 Leandro Zapata P\u00e9rez como las personas que lo hab\u00edan despojado de su motocicleta X-1000, modelo CG200, azul, el pasado 6 de agosto, cuando transitaba por la entrada Rabo de Chivo, de esta demarcaci\u00f3n.<\/p>\n<p>Los hoy occisos tambi\u00e9n habr\u00edan atracado a Leudy G\u00f3mez Grull\u00f3n, a quien le quitaron una motocicleta CG, negra, el 19 de julio de este a\u00f1o, en ese mismo lugar.<\/p>\n","protected":false},"excerpt":{"rendered":"<p>RD-LA VEGA, Rep\u00fablica Dominicana.- Un cabo de la Polic\u00eda mat\u00f3 a 2 de seis hombres que, supuestamente, intentaron asaltarlo para despojarlo de una motocicleta en la que se desplazaba por el sector Burende, de aqu\u00ed. Los muertos son Jos\u00e9 Miguel Ojeda Rosario, de 21 a\u00f1os, y Francisco Xavier Santos de Jes\u00fas, de 22, y el [&hellip;]<\/p>\n","protected":false},"author":8,"featured_media":20563,"comment_status":"open","ping_status":"open","sticky":false,"template":"","format":"standard","meta":{"footnotes":""},"categories":[53,44],"tags":[],"class_list":["post-20562","post","type-post","status-publish","format-standard","has-post-thumbnail","hentry","category-provincias","category-republica-dominicana"],"_links":{"self":[{"href":"https:\/\/2horizontes.com\/index.php?rest_route=\/wp\/v2\/posts\/20562","targetHints":{"allow":["GET"]}}],"collection":[{"href":"https:\/\/2horizontes.com\/index.php?rest_route=\/wp\/v2\/posts"}],"about":[{"href":"https:\/\/2horizontes.com\/index.php?rest_route=\/wp\/v2\/types\/post"}],"author":[{"embeddable":true,"href":"https:\/\/2horizontes.com\/index.php?rest_route=\/wp\/v2\/users\/8"}],"replies":[{"embeddable":true,"href":"https:\/\/2horizontes.com\/index.php?rest_route=%2Fwp%2Fv2%2Fcomments&post=20562"}],"version-history":[{"count":1,"href":"https:\/\/2horizontes.com\/index.php?rest_route=\/wp\/v2\/posts\/20562\/revisions"}],"predecessor-version":[{"id":20564,"href":"https:\/\/2horizontes.com\/index.php?rest_route=\/wp\/v2\/posts\/20562\/revisions\/20564"}],"wp:featuredmedia":[{"embeddable":true,"href":"https:\/\/2horizontes.com\/index.php?rest_route=\/wp\/v2\/media\/20563"}],"wp:attachment":[{"href":"https:\/\/2horizontes.com\/index.php?rest_route=%2Fwp%2Fv2%2Fmedia&parent=20562"}],"wp:term":[{"taxonomy":"category","embeddable":true,"href":"https:\/\/2horizontes.com\/index.php?rest_route=%2Fwp%2Fv2%2Fcategories&post=20562"},{"taxonomy":"post_tag","embeddable":true,"href":"https:\/\/2horizontes.com\/index.php?rest_route=%2Fwp%2Fv2%2Ftags&post=20562"}],"curies":[{"name":"wp","href":"https:\/\/api.w.org\/{rel}","templated":true}]}}