{"id":2050,"date":"2014-09-19T13:23:28","date_gmt":"2014-09-19T13:23:28","guid":{"rendered":"http:\/\/2horizontes.com\/?p=2050"},"modified":"2014-09-19T13:23:28","modified_gmt":"2014-09-19T13:23:28","slug":"francia-bombardea-instalaciones-en-irak","status":"publish","type":"post","link":"https:\/\/2horizontes.com\/?p=2050","title":{"rendered":"Francia bombardea instalaciones en Irak"},"content":{"rendered":"<p><a href=\"http:\/\/2horizontes.com\/wp-content\/uploads\/2014\/09\/1.jpg\"><img loading=\"lazy\" decoding=\"async\" src=\"http:\/\/2horizontes.com\/wp-content\/uploads\/2014\/09\/1-300x222.jpg\" alt=\"1\" width=\"300\" height=\"222\" class=\"alignleft size-medium wp-image-2051\" srcset=\"https:\/\/2horizontes.com\/wp-content\/uploads\/2014\/09\/1-300x222.jpg 300w, https:\/\/2horizontes.com\/wp-content\/uploads\/2014\/09\/1-510x377.jpg 510w, https:\/\/2horizontes.com\/wp-content\/uploads\/2014\/09\/1-624x461.jpg 624w, https:\/\/2horizontes.com\/wp-content\/uploads\/2014\/09\/1.jpg 1024w\" sizes=\"auto, (max-width: 300px) 100vw, 300px\" \/><\/a><\/p>\n<p>Por VOA Noticias<\/p>\n<p>Un avi\u00f3n Rafale como los que atacaron un dep\u00f3sito log\u00edstico en Mosul, realiza una maniobra en un show a\u00e9reo en Paris.<br \/>\nFrancia realiz\u00f3 un bombardel en Mosul, Irak, en el que dice haber destru\u00ecdo un almac\u00e9n log\u00edstico que controlaba el grupo Estado Isl\u00e1mico, confirm\u00f3 el jefe del Estado Mayor Conjunto de Estados Unidos, General Martin Dempsey, quien se mostr\u00f3 complacido por el \u00abexito\u00bb del mismo.<br \/>\nSe trata del primer ataque franc\u00e9s desde que su presidente Francois Hollande, se comprometi\u00f3 a unirse a la coalici\u00f3n en contra del grupo terrorista isl\u00e1mico, el cual coincidi\u00f3 con una visita de Dempsey a las playas de Normand\u00eda.<br \/>\nDempsey dijo a los reporteros que viajan con \u00e9l que \u201clos franceses han sido nuestros primeros aliados y all\u00ed est\u00e1n por nosotros otra vez\u201d.<br \/>\nEn un comunicado divulgado el viernes por la ma\u00f1ana, Hollande inform\u00f3 que el ataque contra el dep\u00f3sito log\u00edstico se realiz\u00f3 a las 9:40 de la ma\u00f1ana con aviones Rafale.<br \/>\nEl secretario de Estado de Estados Unidos, John Kerry, hab\u00eda celebrado el anuncio de Hollande, sobre los planes de su pa\u00eds de bombardear al grupo extremista Estado isl\u00e1mico en Irak.<br \/>\nSeg\u00fan Kerry se trata de una contribuci\u00f3n \u00absignificativa\u00bb a la coalici\u00f3n internacional que EE.UU. quiere formar contra el grupo yihadista.<br \/>\nAl igual que el presidente Barack Obama, el mandatario franc\u00e9s ha indicado que Francia no enviar\u00e1 tropas sobre el terreno, y adem\u00e1s, que su acci\u00f3n se limitar\u00e1 a Irak.<\/p>\n","protected":false},"excerpt":{"rendered":"<p>Por VOA Noticias Un avi\u00f3n Rafale como los que atacaron un dep\u00f3sito log\u00edstico en Mosul, realiza una maniobra en un show a\u00e9reo en Paris. Francia realiz\u00f3 un bombardel en Mosul, Irak, en el que dice haber destru\u00ecdo un almac\u00e9n log\u00edstico que controlaba el grupo Estado Isl\u00e1mico, confirm\u00f3 el jefe del Estado Mayor Conjunto de Estados [&hellip;]<\/p>\n","protected":false},"author":1,"featured_media":0,"comment_status":"open","ping_status":"open","sticky":false,"template":"","format":"standard","meta":{"footnotes":""},"categories":[1],"tags":[],"class_list":["post-2050","post","type-post","status-publish","format-standard","hentry","category-entretenimiento"],"_links":{"self":[{"href":"https:\/\/2horizontes.com\/index.php?rest_route=\/wp\/v2\/posts\/2050","targetHints":{"allow":["GET"]}}],"collection":[{"href":"https:\/\/2horizontes.com\/index.php?rest_route=\/wp\/v2\/posts"}],"about":[{"href":"https:\/\/2horizontes.com\/index.php?rest_route=\/wp\/v2\/types\/post"}],"author":[{"embeddable":true,"href":"https:\/\/2horizontes.com\/index.php?rest_route=\/wp\/v2\/users\/1"}],"replies":[{"embeddable":true,"href":"https:\/\/2horizontes.com\/index.php?rest_route=%2Fwp%2Fv2%2Fcomments&post=2050"}],"version-history":[{"count":1,"href":"https:\/\/2horizontes.com\/index.php?rest_route=\/wp\/v2\/posts\/2050\/revisions"}],"predecessor-version":[{"id":2052,"href":"https:\/\/2horizontes.com\/index.php?rest_route=\/wp\/v2\/posts\/2050\/revisions\/2052"}],"wp:attachment":[{"href":"https:\/\/2horizontes.com\/index.php?rest_route=%2Fwp%2Fv2%2Fmedia&parent=2050"}],"wp:term":[{"taxonomy":"category","embeddable":true,"href":"https:\/\/2horizontes.com\/index.php?rest_route=%2Fwp%2Fv2%2Fcategories&post=2050"},{"taxonomy":"post_tag","embeddable":true,"href":"https:\/\/2horizontes.com\/index.php?rest_route=%2Fwp%2Fv2%2Ftags&post=2050"}],"curies":[{"name":"wp","href":"https:\/\/api.w.org\/{rel}","templated":true}]}}