{"id":2046,"date":"2014-09-18T13:22:23","date_gmt":"2014-09-18T13:22:23","guid":{"rendered":"http:\/\/2horizontes.com\/?p=2046"},"modified":"2014-09-18T13:22:23","modified_gmt":"2014-09-18T13:22:23","slug":"parientes-de-dominicanas-desaparecidas-en-madrid-dicen-son-ignorados-por-autoridades-espanolas","status":"publish","type":"post","link":"https:\/\/2horizontes.com\/?p=2046","title":{"rendered":"Parientes de dominicanas desaparecidas en Madrid  dicen son ignorados por autoridades espa\u00f1olas."},"content":{"rendered":"<p><a href=\"http:\/\/2horizontes.com\/wp-content\/uploads\/2014\/09\/des1.jpg\"><img loading=\"lazy\" decoding=\"async\" src=\"http:\/\/2horizontes.com\/wp-content\/uploads\/2014\/09\/des1-300x200.jpg\" alt=\"des1\" width=\"300\" height=\"200\" class=\"alignleft size-medium wp-image-2047\" srcset=\"https:\/\/2horizontes.com\/wp-content\/uploads\/2014\/09\/des1-300x200.jpg 300w, https:\/\/2horizontes.com\/wp-content\/uploads\/2014\/09\/des1-510x340.jpg 510w, https:\/\/2horizontes.com\/wp-content\/uploads\/2014\/09\/des1-624x416.jpg 624w\" sizes=\"auto, (max-width: 300px) 100vw, 300px\" \/><\/a><br \/>\nPor Carmen Ram\u00ecrez.<br \/>\nMadrid,Espa\u00f1a.-Leonarda S\u00e1nchez Roble,  familiar de las desaparecidas expreso  que, son m\u00e1s de dos meses que su nieta y nuera llevan desaparecidas  y \u00fanica respuesta que recibe de  las autoridades  es que se est\u00e1 trabajando con la investigaci\u00f3n.<\/p>\n<p>S\u00e1nchez dijo que, al d\u00eda de hoy  es dos meses y 18 d\u00edas que llevan si saber cu\u00e1l  el paradero de sus parientes, por lo cual se acerc\u00f3 al juzgado de Madrid, a reclamar una respuesta, la cual fue  que siguen investigando y fue citada para noviembre.<\/p>\n<p>Entres lagrimas expreso que, se pasa los d\u00edas sin saber qu\u00e9 hacer, se siente sin fuerzas y sin ayuda de sus compatriotas  en Madrid,  ha solicitado ayuda al consulado dominicano y la \u00fanica respuesta que recibe es que el caso de sus parientes  est\u00e1 en manos de las autoridades espa\u00f1olas.<\/p>\n<p>La se\u00f1ora en estado demacrado y triste por doble motivos, ya que tambi\u00e9n falleci\u00f3 su madre en Rep\u00fablica Dominicana y no pudo asistir al velatorio por el estado que se encuentra.<\/p>\n<p><a href=\"http:\/\/2horizontes.com\/wp-content\/uploads\/2014\/09\/hh1.jpg\"><img loading=\"lazy\" decoding=\"async\" src=\"http:\/\/2horizontes.com\/wp-content\/uploads\/2014\/09\/hh1.jpg\" alt=\"hh\" width=\"109\" height=\"128\" class=\"alignleft size-full wp-image-2048\" \/><\/a><\/p>\n<p>S\u00e1nchez tambi\u00e9n hizo un llamado  a los dominicanos residentes en Madrid a formalizar una caminata en diferentes instituci\u00f3n, a ver si de esa manera no queda en el vaci\u00f3 la desaparici\u00f3n de su nieta de 9 a\u00f1os y Adolfina Puello S\u00e1nchez madre de la ni\u00f1a.<\/p>\n","protected":false},"excerpt":{"rendered":"<p>Por Carmen Ram\u00ecrez. Madrid,Espa\u00f1a.-Leonarda S\u00e1nchez Roble, familiar de las desaparecidas expreso que, son m\u00e1s de dos meses que su nieta y nuera llevan desaparecidas y \u00fanica respuesta que recibe de las autoridades es que se est\u00e1 trabajando con la investigaci\u00f3n. S\u00e1nchez dijo que, al d\u00eda de hoy es dos meses y 18 d\u00edas que llevan [&hellip;]<\/p>\n","protected":false},"author":1,"featured_media":0,"comment_status":"open","ping_status":"open","sticky":false,"template":"","format":"standard","meta":{"footnotes":""},"categories":[1],"tags":[],"class_list":["post-2046","post","type-post","status-publish","format-standard","hentry","category-entretenimiento"],"_links":{"self":[{"href":"https:\/\/2horizontes.com\/index.php?rest_route=\/wp\/v2\/posts\/2046","targetHints":{"allow":["GET"]}}],"collection":[{"href":"https:\/\/2horizontes.com\/index.php?rest_route=\/wp\/v2\/posts"}],"about":[{"href":"https:\/\/2horizontes.com\/index.php?rest_route=\/wp\/v2\/types\/post"}],"author":[{"embeddable":true,"href":"https:\/\/2horizontes.com\/index.php?rest_route=\/wp\/v2\/users\/1"}],"replies":[{"embeddable":true,"href":"https:\/\/2horizontes.com\/index.php?rest_route=%2Fwp%2Fv2%2Fcomments&post=2046"}],"version-history":[{"count":1,"href":"https:\/\/2horizontes.com\/index.php?rest_route=\/wp\/v2\/posts\/2046\/revisions"}],"predecessor-version":[{"id":2049,"href":"https:\/\/2horizontes.com\/index.php?rest_route=\/wp\/v2\/posts\/2046\/revisions\/2049"}],"wp:attachment":[{"href":"https:\/\/2horizontes.com\/index.php?rest_route=%2Fwp%2Fv2%2Fmedia&parent=2046"}],"wp:term":[{"taxonomy":"category","embeddable":true,"href":"https:\/\/2horizontes.com\/index.php?rest_route=%2Fwp%2Fv2%2Fcategories&post=2046"},{"taxonomy":"post_tag","embeddable":true,"href":"https:\/\/2horizontes.com\/index.php?rest_route=%2Fwp%2Fv2%2Ftags&post=2046"}],"curies":[{"name":"wp","href":"https:\/\/api.w.org\/{rel}","templated":true}]}}