{"id":20430,"date":"2015-08-15T00:11:49","date_gmt":"2015-08-14T23:11:49","guid":{"rendered":"http:\/\/2horizontes.com\/?p=20430"},"modified":"2015-08-15T00:11:49","modified_gmt":"2015-08-14T23:11:49","slug":"expo-monte-plata-sera-celebrada-28-29-y-30-de-agosto","status":"publish","type":"post","link":"https:\/\/2horizontes.com\/?p=20430","title":{"rendered":"Expo Monte Plata ser\u00e1 celebrada 28, 29 y 30 de agosto"},"content":{"rendered":"<p>RD- MONTE PLATA-La denominada provincia Esmeralda y Ol\u00edmpica, Monte Plata, vuelve a mudarse a la capital los d\u00edas 28, 29 y 30 de agosto en su octava versi\u00f3n en la que tiene como provincias invitadas a San Crist\u00f3bal y Monse\u00f1or Nouel.<\/p>\n<p>En una rueda de prensa realizada en la sede del Senado de la Rep\u00fablica Dominicana, el senador Charlie Mariotti se hizo acompa\u00f1ar de los dos legisladores de las provincias invitadas: Tommy Gal\u00e1n y F\u00e9lix Nova, y de autoridades oficiales y de la vida productiva y social de su provincia, para ofrecer los detalles de Expo Monte Plata 2015.<\/p>\n<p>\u201cEn el pa\u00eds se tienen que dar alianzas entre provincias que tienen cosas en com\u00fan, como Bonao y San Crist\u00f3bal, con quien Monte Plata comparte recursos naturales y visi\u00f3n de planificaci\u00f3n del desarrollo a partir de nuestra riqueza en recursos para el ecoturismo\u201d, afirm\u00f3 Mariotti.<\/p>\n<p>El senador de Monte Plata celebr\u00f3 esta triple alianza de estas tres provincias que son \u201clas que tienen m\u00e1s aguas y m\u00e1s saltos del pa\u00eds\u201d. Tanto el senador Gal\u00e1n como Nova agradecieron la invitaci\u00f3n de esta provincia y prometieron llevar una muestra de sus riquezas tanto naturales como de su cultura y de desarrollo econ\u00f3mico.<\/p>\n<p>Esta octava versi\u00f3n de Expo Monte Plata est\u00e1 apostando a la juventud y al \u00a0emprendedurismo sobre todo a gente \u201cque se arriesga a generar riquezas desde el trabajo serio\u201d, expres\u00f3 Mariotti.<\/p>\n<p>Miguel Polanco, presidente de la Cooperativa El Progreso, Dante Tejeda, Presidente de la C\u00e1mara del Comercio de Monte Plata, Julian Cruz, presidente de la Mancomunidad Esmeralda y el diputado Ricardo Contreras acompa\u00f1aron a los senadores en la mesa principal de esta rueda de prensa en la que se comprometieron a seguir articulando juntos una estrategia de desarrollo conjunto en la que \u201cpuedan generar iniciativas p\u00fablicas a favor del desarrollo de nuestra provincia\u201d.<\/p>\n<p>Mariotti asegura que habr\u00e1 una cartelera art\u00edstica y cultural que adem\u00e1s de representar a los municipios de la provincia Esmeralda incluyen talentos nacionales que har\u00e1n de esta edici\u00f3n de Expo Monte Plata \u201cla m\u00e1s concurrida de todas las que han pasado\u201d.<\/p>\n<p>&nbsp;<\/p>\n","protected":false},"excerpt":{"rendered":"<p>RD- MONTE PLATA-La denominada provincia Esmeralda y Ol\u00edmpica, Monte Plata, vuelve a mudarse a la capital los d\u00edas 28, 29 y 30 de agosto en su octava versi\u00f3n en la que tiene como provincias invitadas a San Crist\u00f3bal y Monse\u00f1or Nouel. En una rueda de prensa realizada en la sede del Senado de la Rep\u00fablica [&hellip;]<\/p>\n","protected":false},"author":8,"featured_media":20431,"comment_status":"open","ping_status":"open","sticky":false,"template":"","format":"standard","meta":{"footnotes":""},"categories":[53,44],"tags":[],"class_list":["post-20430","post","type-post","status-publish","format-standard","has-post-thumbnail","hentry","category-provincias","category-republica-dominicana"],"_links":{"self":[{"href":"https:\/\/2horizontes.com\/index.php?rest_route=\/wp\/v2\/posts\/20430","targetHints":{"allow":["GET"]}}],"collection":[{"href":"https:\/\/2horizontes.com\/index.php?rest_route=\/wp\/v2\/posts"}],"about":[{"href":"https:\/\/2horizontes.com\/index.php?rest_route=\/wp\/v2\/types\/post"}],"author":[{"embeddable":true,"href":"https:\/\/2horizontes.com\/index.php?rest_route=\/wp\/v2\/users\/8"}],"replies":[{"embeddable":true,"href":"https:\/\/2horizontes.com\/index.php?rest_route=%2Fwp%2Fv2%2Fcomments&post=20430"}],"version-history":[{"count":1,"href":"https:\/\/2horizontes.com\/index.php?rest_route=\/wp\/v2\/posts\/20430\/revisions"}],"predecessor-version":[{"id":20432,"href":"https:\/\/2horizontes.com\/index.php?rest_route=\/wp\/v2\/posts\/20430\/revisions\/20432"}],"wp:featuredmedia":[{"embeddable":true,"href":"https:\/\/2horizontes.com\/index.php?rest_route=\/wp\/v2\/media\/20431"}],"wp:attachment":[{"href":"https:\/\/2horizontes.com\/index.php?rest_route=%2Fwp%2Fv2%2Fmedia&parent=20430"}],"wp:term":[{"taxonomy":"category","embeddable":true,"href":"https:\/\/2horizontes.com\/index.php?rest_route=%2Fwp%2Fv2%2Fcategories&post=20430"},{"taxonomy":"post_tag","embeddable":true,"href":"https:\/\/2horizontes.com\/index.php?rest_route=%2Fwp%2Fv2%2Ftags&post=20430"}],"curies":[{"name":"wp","href":"https:\/\/api.w.org\/{rel}","templated":true}]}}